{"id":9958,"date":"2011-03-28T20:46:42","date_gmt":"2011-03-28T19:46:42","guid":{"rendered":"http:\/\/davidbosman.fr\/blog\/2011\/03\/28\/un-prototype-de-stylet-pour-ipad\/"},"modified":"2011-08-11T20:03:02","modified_gmt":"2011-08-11T18:03:02","slug":"un-prototype-de-stylet-pour-ipad","status":"publish","type":"post","link":"https:\/\/www.davidbosman.fr\/blog\/2011\/03\/28\/un-prototype-de-stylet-pour-ipad\/","title":{"rendered":"Un (prototype de) stylet pour iPad"},"content":{"rendered":"<p>Voici un prototype qui pourrait bien \u00eatre le meilleur stylet pour iPad que j&#8217;ai vu jusqu&#8217;\u00e0 pr\u00e9sent :<\/p>\n\n<iframe loading=\"lazy\" frameborder=\"0\" height=\"410px\" src=\"http:\/\/www.kickstarter.com\/projects\/danprovost\/the-cosmonaut-a-wide-grip-stylus-for-touch-screens\/widget\/video.html\" width=\"480px\"><\/iframe>\n\n<p>Sa largeur m\u00eame devrait le rendre tr\u00e8s confortable \u00e0 utiliser, et la largeur de sa &#8220;pointe&#8221; me semble bien adapt\u00e9e \u00e0 ce que l&#8217;on peut faire sur un \u00e9cran d&#8217;iPad.<\/p>\n\n<p>Il ne sera produit (\u00e0 3000 exemplaires) que si les concepteurs parviennent \u00e0 r\u00e9unir assez de promesses de dons, pour un montant de 50.000$ (\u00e0 l&#8217;heure o\u00f9 je publie, ils en sont \u00e0 18.838$), via Kickstarter : <a href=\"http:\/\/www.kickstarter.com\/projects\/danprovost\/the-cosmonaut-a-wide-grip-stylus-for-touch-screens\">The Cosmonaut<\/a><\/p>\n\n<p>(Et pour r\u00e9pondre \u00e0 la question : non, je n&#8217;ai pas fait de promesse de dons. Mais c&#8217;est uniquement parce que je me suis promis de ne plus rien acheter de non-essentiel cette ann\u00e9e : pas d&#8217;ipad, pas d&#8217;ordinateur, pas de&#8230; stylet.)<\/p>\n\n<p>Via <a href=\"http:\/\/cameronmoll.tumblr.com\/post\/4160506010\/cosmonaut-a-wide-grip-stylus-for-touch-screens\">cameronmoll<\/a><\/p>\n","protected":false},"excerpt":{"rendered":"<p>Voici un prototype qui pourrait bien \u00eatre le meilleur stylet pour iPad que j&#8217;ai vu jusqu&#8217;\u00e0 pr\u00e9sent : Sa largeur m\u00eame devrait le rendre tr\u00e8s confortable \u00e0 utiliser, et la largeur de sa &#8220;pointe&#8221; me semble bien adapt\u00e9e \u00e0 ce &hellip; <a href=\"https:\/\/www.davidbosman.fr\/blog\/2011\/03\/28\/un-prototype-de-stylet-pour-ipad\/\">Read more &rarr;<\/a><\/p>","protected":false},"author":2,"featured_media":0,"comment_status":"open","ping_status":"open","sticky":false,"template":"","format":"standard","meta":{"footnotes":""},"categories":[9],"tags":[39,33],"class_list":["post-9958","post","type-post","status-publish","format-standard","hentry","category-mac","tag-apple","tag-ipad"],"_links":{"self":[{"href":"https:\/\/www.davidbosman.fr\/blog\/wp-json\/wp\/v2\/posts\/9958","targetHints":{"allow":["GET"]}}],"collection":[{"href":"https:\/\/www.davidbosman.fr\/blog\/wp-json\/wp\/v2\/posts"}],"about":[{"href":"https:\/\/www.davidbosman.fr\/blog\/wp-json\/wp\/v2\/types\/post"}],"author":[{"embeddable":true,"href":"https:\/\/www.davidbosman.fr\/blog\/wp-json\/wp\/v2\/users\/2"}],"replies":[{"embeddable":true,"href":"https:\/\/www.davidbosman.fr\/blog\/wp-json\/wp\/v2\/comments?post=9958"}],"version-history":[{"count":4,"href":"https:\/\/www.davidbosman.fr\/blog\/wp-json\/wp\/v2\/posts\/9958\/revisions"}],"predecessor-version":[{"id":11148,"href":"https:\/\/www.davidbosman.fr\/blog\/wp-json\/wp\/v2\/posts\/9958\/revisions\/11148"}],"wp:attachment":[{"href":"https:\/\/www.davidbosman.fr\/blog\/wp-json\/wp\/v2\/media?parent=9958"}],"wp:term":[{"taxonomy":"category","embeddable":true,"href":"https:\/\/www.davidbosman.fr\/blog\/wp-json\/wp\/v2\/categories?post=9958"},{"taxonomy":"post_tag","embeddable":true,"href":"https:\/\/www.davidbosman.fr\/blog\/wp-json\/wp\/v2\/tags?post=9958"}],"curies":[{"name":"wp","href":"https:\/\/api.w.org\/{rel}","templated":true}]}}