{"id":9483,"date":"2011-01-29T08:46:04","date_gmt":"2011-01-29T07:46:04","guid":{"rendered":"http:\/\/davidbosman.fr\/blog\/2011\/01\/29\/nouvelle-version-de-notational-velocity\/"},"modified":"2011-01-29T13:55:00","modified_gmt":"2011-01-29T12:55:00","slug":"nouvelle-version-de-notational-velocity","status":"publish","type":"post","link":"https:\/\/www.davidbosman.fr\/blog\/2011\/01\/29\/nouvelle-version-de-notational-velocity\/","title":{"rendered":"Nouvelle version de Notational Velocity"},"content":{"rendered":"<p>Zach a mis la derni\u00e8re main \u00e0 la prochaine mise \u00e0 jour de Notational Velocity (<a href=\"http:\/\/notational.net\/\">2.0 &szlig;4<\/a>).<\/p>\n\n<p>Parmi <a href=\"http:\/\/scrod.posterous.com\/notational-velocity-204\">toutes les nouveaut\u00e9s<\/a>, on retiendra plus particuli\u00e8rement :<\/p>\n\n<ul>\n<li><p><span style=\"background-color:#FFF071;\">Un nouveau mode d&#8217;affichage &#8220;horizontal&#8221;<\/span>, qui permet, enfin, de placer la liste des notes \u00e0 gauche et non plus en haut de la fen\u00eatre. <br \/>\n<img decoding=\"async\" src=\"http:\/\/davidbosman.fr\/blog\/wp-content\/uploads\/2011\/01\/new_nv02.png\" alt=\"Mode horizontal dans NV\" \/><br \/><em>Ici, je n&#8217;affiche que les titres, mais on peut afficher les premi\u00e8res lignes de chaque note, les \u00e9tiquettes, etc.<\/em>\n<br \/>Pour passer d&#8217;un mode \u00e0 l&#8217;autre, on utilisera le raccourci clavier <strong>&#x2325;+&#x2318;+L<\/strong>.<\/p><\/li>\n<li><p><span style=\"background-color:#FFF071;\">Liens entre les notes<\/span>.<br \/>\n<img decoding=\"async\" src=\"http:\/\/davidbosman.fr\/blog\/wp-content\/uploads\/2011\/01\/suspens.png\" alt=\"liens\" \/><br \/>\nIl suffit de placer le titre d&#8217;une note entre deux crochets et de cliquer dessus pour afficher la note correspondante, ou pour en cr\u00e9er une nouvelle.<br \/>Notez aussi que, par d\u00e9faut, NV sugg\u00e9rera automatiquement le titre de la note, s&#8217;il la reconna\u00eet :<br \/>\n<img decoding=\"async\" src=\"http:\/\/davidbosman.fr\/blog\/wp-content\/uploads\/2011\/01\/notelinkpng.png\" alt=\"Notelink.png\" \/><\/p><\/li>\n<li><p><span style=\"background-color:#FFF071;\">Les \u00e9tiquettes (tags) sont enregistr\u00e9es via OpenMeta<\/span> et sont donc <span style=\"background-color:#FFF071;\">compatibles avec Dropbox<\/span>. Il est donc \u00e0 pr\u00e9sent possible de synchroniser les \u00e9tiquettes entre deux Mac.<br \/>\n<img decoding=\"async\" src=\"http:\/\/davidbosman.fr\/blog\/wp-content\/uploads\/2011\/01\/new_nv03.png\" alt=\"Etiquettes dans NV\" \/>\n<br \/>Je n&#8217;utilise pas cette option, ni openmeta. J&#8217;y reviendrai dans un prochain billet.<\/p><\/li>\n<li><p>La disparition du style <u>soulign\u00e9<\/u>, au profit d&#8217;un style <s>barr\u00e9<\/s>.<\/p><\/li>\n<li><p>Si vous stockez les notes au format TXT, <span style=\"background-color:#FFF071;\">choix de l&#8217;extension par d\u00e9faut des fichiers<\/span> :\n<br \/><\/p><\/li>\n<\/ul>\n\n<p><img decoding=\"async\" src=\"http:\/\/davidbosman.fr\/blog\/wp-content\/uploads\/2011\/01\/extpng.png\" alt=\"Ext.png\" \/><\/p>\n\n<ul>\n<li><p>La possibilit\u00e9 de faire un lien vers une note en particulier, \u00e0 l&#8217;aide d&#8217;une URL de type nv:\/\/ Vous r\u00e9cup\u00e9rez l&#8217;URL de la note s\u00e9lectionn\u00e9e via le menu <strong>Editer -> Copier URL<\/strong>.<\/p><\/li>\n<li><p>La possibilit\u00e9 de d\u00e9finir une couleur d&#8217;arri\u00e8re-plan pour les notes.<\/p><\/li>\n<li><p>Sans oublier la nouvelle ic\u00f4ne. Je vous avoue avoir un faible pour la pr\u00e9c\u00e9dente, que j&#8217;ai conserv\u00e9e.<\/p><\/li>\n<li><p>Ah oui, j&#8217;en ai profit\u00e9 pour corriger quelques probl\u00e8mes dans la traduction fran\u00e7aise. Et NV est maintenant \u00e9galement dispo en Allemand et en Portugais.<\/p><\/li>\n<li><p><a href=\"http:\/\/notational.net\/releasenotes\/release2\/#b4\">Etc<\/a>.<\/p><\/li>\n<\/ul>\n\n<p><strong>Edit :<\/strong> <a href=\"http:\/\/davidbosman.fr\/blog\/wp-content\/uploads\/2011\/01\/2011_0123_n_notational_velocity_previous_icon.png\">l&#8217;ancienne ic\u00f4ne en 512 pixels, au format PNG<\/a>.<\/p>\n","protected":false},"excerpt":{"rendered":"<p>Zach a mis la derni\u00e8re main \u00e0 la prochaine mise \u00e0 jour de Notational Velocity (2.0 &szlig;4). Parmi toutes les nouveaut\u00e9s, on retiendra plus particuli\u00e8rement : Un nouveau mode d&#8217;affichage &#8220;horizontal&#8221;, qui permet, enfin, de placer la liste des notes &hellip; <a href=\"https:\/\/www.davidbosman.fr\/blog\/2011\/01\/29\/nouvelle-version-de-notational-velocity\/\">Read more &rarr;<\/a><\/p>","protected":false},"author":2,"featured_media":0,"comment_status":"open","ping_status":"open","sticky":false,"template":"","format":"standard","meta":{"footnotes":""},"categories":[9],"tags":[39,21],"class_list":["post-9483","post","type-post","status-publish","format-standard","hentry","category-mac","tag-apple","tag-ecriture"],"_links":{"self":[{"href":"https:\/\/www.davidbosman.fr\/blog\/wp-json\/wp\/v2\/posts\/9483","targetHints":{"allow":["GET"]}}],"collection":[{"href":"https:\/\/www.davidbosman.fr\/blog\/wp-json\/wp\/v2\/posts"}],"about":[{"href":"https:\/\/www.davidbosman.fr\/blog\/wp-json\/wp\/v2\/types\/post"}],"author":[{"embeddable":true,"href":"https:\/\/www.davidbosman.fr\/blog\/wp-json\/wp\/v2\/users\/2"}],"replies":[{"embeddable":true,"href":"https:\/\/www.davidbosman.fr\/blog\/wp-json\/wp\/v2\/comments?post=9483"}],"version-history":[{"count":8,"href":"https:\/\/www.davidbosman.fr\/blog\/wp-json\/wp\/v2\/posts\/9483\/revisions"}],"predecessor-version":[{"id":9493,"href":"https:\/\/www.davidbosman.fr\/blog\/wp-json\/wp\/v2\/posts\/9483\/revisions\/9493"}],"wp:attachment":[{"href":"https:\/\/www.davidbosman.fr\/blog\/wp-json\/wp\/v2\/media?parent=9483"}],"wp:term":[{"taxonomy":"category","embeddable":true,"href":"https:\/\/www.davidbosman.fr\/blog\/wp-json\/wp\/v2\/categories?post=9483"},{"taxonomy":"post_tag","embeddable":true,"href":"https:\/\/www.davidbosman.fr\/blog\/wp-json\/wp\/v2\/tags?post=9483"}],"curies":[{"name":"wp","href":"https:\/\/api.w.org\/{rel}","templated":true}]}}