{"id":9479,"date":"2011-01-28T19:19:29","date_gmt":"2011-01-28T18:19:29","guid":{"rendered":"http:\/\/davidbosman.fr\/blog\/2011\/01\/28\/une-nouvelle-version-de-ulysses-a-un-nouveau-prix\/"},"modified":"2014-05-23T15:25:15","modified_gmt":"2014-05-23T13:25:15","slug":"une-nouvelle-version-de-ulysses-a-un-nouveau-prix","status":"publish","type":"post","link":"https:\/\/www.davidbosman.fr\/blog\/2011\/01\/28\/une-nouvelle-version-de-ulysses-a-un-nouveau-prix\/","title":{"rendered":"Une nouvelle version de Ulysses, \u00e0 un nouveau prix"},"content":{"rendered":"<p>Ulysses 2.0 (g\u00e9n\u00e9ralement consid\u00e9r\u00e9 comme le premier \u00e9diteur de proposant un mode &#8220;plein \u00e9cran&#8221; sur Mac OS) est \u00e0 pr\u00e9sent <a href=\"http:\/\/www.macgeneration.com\/news\/voir\/186192\/ulysses-uniquement-sur-le-mac-app-store\">uniquement commercialis\u00e9 sur le Mac App Store<\/a>.<\/p>\n\n<p>En soit, rien d&#8217;exceptionnel \u2014 croyez pas que je radote \u2014, mais ce qui m\u00e9rite d&#8217;\u00eatre not\u00e9, c&#8217;est le nouveau prix auquel il est propos\u00e9 :<\/p>\n\n<p><img decoding=\"async\" src=\"http:\/\/davidbosman.fr\/blog\/wp-content\/uploads\/2011\/01\/ulysses.png\" alt=\"Ulysses\" \/><\/p>\n\n<p>Je ne me souviens pas du prix exact de la pr\u00e9c\u00e9dente version, mais il restait \u00e9lev\u00e9 pour un \u00e9diteur de texte (dans les 60-70$). Sans parler du prix de vente de sa premi\u00e8re version :120$ \u2014 ce qui avait suffi \u00e0 me d\u00e9courager de l&#8217;acheter.<\/p>\n\n<p>Bref, <a href=\"http:\/\/davidbosman.fr\/blog\/2010\/03\/20\/20100320le-juste-prix\/\">on en a d\u00e9j\u00e0 parl\u00e9, il y a quelques mois<\/a> : &#8220;l&#8217;iOSisation&#8221; du Mac est en route, l&#8217;arriv\u00e9e du Mac App Store n&#8217;\u00e9tant qu&#8217;un pas dans ce sens, et elle va rendre bien difficile la commercialisation de petites applications \u00e0 des tarifs \u00e9lev\u00e9s.<\/p>\n\n<p>Dans le m\u00eame genre :<\/p>\n\n<p><a href=\"http:\/\/davidbosman.fr\/blog\/2010\/10\/21\/os-x-est-mort-vive-ios\/\">OS X est mort, vive iOS<\/a><\/p>\n","protected":false},"excerpt":{"rendered":"<p>Ulysses 2.0 (g\u00e9n\u00e9ralement consid\u00e9r\u00e9 comme le premier \u00e9diteur de proposant un mode &#8220;plein \u00e9cran&#8221; sur Mac OS) est \u00e0 pr\u00e9sent uniquement commercialis\u00e9 sur le Mac App Store. En soit, rien d&#8217;exceptionnel \u2014 croyez pas que je radote \u2014, mais ce &hellip; <a href=\"https:\/\/www.davidbosman.fr\/blog\/2011\/01\/28\/une-nouvelle-version-de-ulysses-a-un-nouveau-prix\/\">Read more &rarr;<\/a><\/p>","protected":false},"author":2,"featured_media":0,"comment_status":"open","ping_status":"open","sticky":false,"template":"","format":"standard","meta":{"footnotes":""},"categories":[9],"tags":[39,21,86,5],"class_list":["post-9479","post","type-post","status-publish","format-standard","hentry","category-mac","tag-apple","tag-ecriture","tag-ulysses","tag-zen"],"_links":{"self":[{"href":"https:\/\/www.davidbosman.fr\/blog\/wp-json\/wp\/v2\/posts\/9479","targetHints":{"allow":["GET"]}}],"collection":[{"href":"https:\/\/www.davidbosman.fr\/blog\/wp-json\/wp\/v2\/posts"}],"about":[{"href":"https:\/\/www.davidbosman.fr\/blog\/wp-json\/wp\/v2\/types\/post"}],"author":[{"embeddable":true,"href":"https:\/\/www.davidbosman.fr\/blog\/wp-json\/wp\/v2\/users\/2"}],"replies":[{"embeddable":true,"href":"https:\/\/www.davidbosman.fr\/blog\/wp-json\/wp\/v2\/comments?post=9479"}],"version-history":[{"count":1,"href":"https:\/\/www.davidbosman.fr\/blog\/wp-json\/wp\/v2\/posts\/9479\/revisions"}],"predecessor-version":[{"id":15540,"href":"https:\/\/www.davidbosman.fr\/blog\/wp-json\/wp\/v2\/posts\/9479\/revisions\/15540"}],"wp:attachment":[{"href":"https:\/\/www.davidbosman.fr\/blog\/wp-json\/wp\/v2\/media?parent=9479"}],"wp:term":[{"taxonomy":"category","embeddable":true,"href":"https:\/\/www.davidbosman.fr\/blog\/wp-json\/wp\/v2\/categories?post=9479"},{"taxonomy":"post_tag","embeddable":true,"href":"https:\/\/www.davidbosman.fr\/blog\/wp-json\/wp\/v2\/tags?post=9479"}],"curies":[{"name":"wp","href":"https:\/\/api.w.org\/{rel}","templated":true}]}}