{"id":8639,"date":"2010-10-22T08:45:05","date_gmt":"2010-10-22T06:45:05","guid":{"rendered":"http:\/\/davidbosman.fr\/blog\/2010\/10\/22\/le-macbook-air-11-nest-pas-un-netbook\/"},"modified":"2010-10-22T09:03:45","modified_gmt":"2010-10-22T07:03:45","slug":"le-macbook-air-11-nest-pas-un-netbook","status":"publish","type":"post","link":"https:\/\/www.davidbosman.fr\/blog\/2010\/10\/22\/le-macbook-air-11-nest-pas-un-netbook\/","title":{"rendered":"Le MacBook Air 11&#8243; n&#8217;est pas un netbook"},"content":{"rendered":"<p>Je lis ici et l\u00e0 des critiques du MBA qui le comparent (en mal) au netbooks PC. D&#8217;autres qui se moquent de Jobs qui, \u00e0 la sortie du Air (1\u00e8re g\u00e9n\u00e9ration), expliquait que Apple ne voulait pas faire de netbooks.<\/p>\n\n<p>Petit rappel :<\/p>\n\n<blockquote>\n  <p>Un netbook est un ordinateur de tr\u00e8s petite taille, aux performances plus faibles qu\u2019un ultraportable classique, et vendu \u00e0 bas prix.<br \/><br \/><a href=\"http:\/\/fr.wikipedia.org\/wiki\/Netbook\">Wikip\u00e9dia<\/a><\/p>\n<\/blockquote>\n\n<p>On ajoutera, qu&#8217;il est g\u00e9n\u00e9ralement livr\u00e9 avec seulement 1go de RAM (2 au maximum), un processeur ATOM et que, par sa petite taille et son faible co\u00fbt, il propose un \u00e9cran de 10 \u00e0 11&#8243; avec une r\u00e9solution qui d\u00e9passe rarement 1024 pixels de large, ainsi qu&#8217;un clavier dont les touches sont de taille r\u00e9duite (ce qui ne facilite pas la frappe sur de longues p\u00e9riodes), un trackpad minuscule aux fonctions limit\u00e9es (\u00e0 comparer avec ce chef-d&#8217;oeuvre, je p\u00e8se mes mots, qu&#8217;a d\u00e9velopp\u00e9 Apple: le gigantesque trackpad en verre, multitouch).<\/p>\n\n<p>En plus d&#8217;un vrai clavier et de ce trackpad magique, le MacBook Air offre un Core2Duo (m\u00eame si on aurait aim\u00e9 mieux, c&#8217;est d\u00e9j\u00e0 mieux qu&#8217;un ATOM), 2go de RAM (4Go maxi), un clavier pleine taille (comme les autres portables Mac), un \u00e9cran de 11&#8243; qui fait 1366 pixels de large (plus que le MacBook unibody actuel 13&#8243;). Il est \u00e9galement dot\u00e9 d&#8217;un SSD de 64 ou de 128Go. Et il co\u00fbte de 999\u20ac \u00e0 1329 \u20ac (mod\u00e8le 11&#8243; 128Go SSD, 1,6Ghz et 4go de RAM).<\/p>\n\n<p><span style=\"background-color:yellow;\">Si on souhaite critiquer le MBA, c&#8217;est aux ultra-portables qu&#8217;il faut le comparer, pas aux netbooks<\/span>. Par exemple aux ultra-portables de la s\u00e9rie X chez Sony. Et c&#8217;est une comparaison int\u00e9ressante \u00e0 faire.<\/p>\n\n<p><span style=\"background-color:yellow;\">Si je devais critiquer le MBA<\/span>, c&#8217;est sur son autonomie (5h ce n&#8217;est pas assez pour un ultra-portable de 11&#8243;, m\u00eame 5h r\u00e9elles), sur l&#8217;absence de la 3G et peut-\u00eatre sur son processeur (1,6Ghz?). <span style=\"background-color:yellow;\">Je m&#8217;inqui\u00e9terais aussi beaucoup<\/span> du fait que OS X ne b\u00e9n\u00e9ficie toujours pas  <span style=\"background-color:yellow;\">de l&#8217;ind\u00e9pendance de la r\u00e9solution<\/span>. Je ne connais pas le terme exact en fran\u00e7ais mais, en gros, c&#8217;est la capacit\u00e9 de modifier librement la taille des textes et des objets affich\u00e9s \u00e0 l&#8217;\u00e9cran, ind\u00e9pendamment de sa r\u00e9solution.<\/p>\n\n<p>C&#8217;est quelque chose qui est disponible depuis un moment sous Linux (et partiellement sous Windows) mais toujours pas sous Mac OS. Or, vu la r\u00e9solution de plus en plus \u00e9lev\u00e9e des \u00e9crans Apple, cela devient n\u00e9cessaire: le texte sur un \u00e9cran HD est rikiki et presque illisible si vous n&#8217;avez pas une bonne vue. J&#8217;ose croire que cela appara\u00eetra enfin avec Lion&#8230;<\/p>\n","protected":false},"excerpt":{"rendered":"<p>Je lis ici et l\u00e0 des critiques du MBA qui le comparent (en mal) au netbooks PC. D&#8217;autres qui se moquent de Jobs qui, \u00e0 la sortie du Air (1\u00e8re g\u00e9n\u00e9ration), expliquait que Apple ne voulait pas faire de netbooks. &hellip; <a href=\"https:\/\/www.davidbosman.fr\/blog\/2010\/10\/22\/le-macbook-air-11-nest-pas-un-netbook\/\">Read more &rarr;<\/a><\/p>","protected":false},"author":2,"featured_media":0,"comment_status":"open","ping_status":"open","sticky":false,"template":"","format":"standard","meta":{"footnotes":""},"categories":[1],"tags":[],"class_list":["post-8639","post","type-post","status-publish","format-standard","hentry","category-general"],"_links":{"self":[{"href":"https:\/\/www.davidbosman.fr\/blog\/wp-json\/wp\/v2\/posts\/8639","targetHints":{"allow":["GET"]}}],"collection":[{"href":"https:\/\/www.davidbosman.fr\/blog\/wp-json\/wp\/v2\/posts"}],"about":[{"href":"https:\/\/www.davidbosman.fr\/blog\/wp-json\/wp\/v2\/types\/post"}],"author":[{"embeddable":true,"href":"https:\/\/www.davidbosman.fr\/blog\/wp-json\/wp\/v2\/users\/2"}],"replies":[{"embeddable":true,"href":"https:\/\/www.davidbosman.fr\/blog\/wp-json\/wp\/v2\/comments?post=8639"}],"version-history":[{"count":6,"href":"https:\/\/www.davidbosman.fr\/blog\/wp-json\/wp\/v2\/posts\/8639\/revisions"}],"predecessor-version":[{"id":8645,"href":"https:\/\/www.davidbosman.fr\/blog\/wp-json\/wp\/v2\/posts\/8639\/revisions\/8645"}],"wp:attachment":[{"href":"https:\/\/www.davidbosman.fr\/blog\/wp-json\/wp\/v2\/media?parent=8639"}],"wp:term":[{"taxonomy":"category","embeddable":true,"href":"https:\/\/www.davidbosman.fr\/blog\/wp-json\/wp\/v2\/categories?post=8639"},{"taxonomy":"post_tag","embeddable":true,"href":"https:\/\/www.davidbosman.fr\/blog\/wp-json\/wp\/v2\/tags?post=8639"}],"curies":[{"name":"wp","href":"https:\/\/api.w.org\/{rel}","templated":true}]}}