{"id":8624,"date":"2010-10-20T21:49:07","date_gmt":"2010-10-20T19:49:07","guid":{"rendered":"http:\/\/davidbosman.fr\/blog\/2010\/10\/20\/ssd-le-futur-commence-aujourdhui\/"},"modified":"2010-10-20T21:55:05","modified_gmt":"2010-10-20T19:55:05","slug":"ssd-le-futur-commence-aujourdhui","status":"publish","type":"post","link":"https:\/\/www.davidbosman.fr\/blog\/2010\/10\/20\/ssd-le-futur-commence-aujourdhui\/","title":{"rendered":"SSD : le futur, commence aujourd&#8217;hui"},"content":{"rendered":"<p>Une des choses \u00e0 retenir de cette Keynote, qui n&#8217;a peut-\u00eatre pas \u00e9t\u00e9 officiellement annonc\u00e9e, mais qui me semble aller de soi : Cette fois \u00e7a y est, les disques durs traditionnels vivent leurs derniers jours sur les portables Apple.<\/p>\n\n<p>Tous les Macbook Air sont \u00e0 pr\u00e9sent livr\u00e9s avec du SSD, y compris l&#8217;entr\u00e9e de gamme, \u00e0 moins de 1000 euros. Il me semble in\u00e9vitable que les autres portables subissent la m\u00eame \u00e9volution lors d&#8217;une prochaine r\u00e9vision.<\/p>\n\n<p>Apr\u00e8s tout, Jobs l&#8217;a laiss\u00e9 entendre : &#8220;we think it is the future of notebooks&#8221; (nous pensons que c&#8217;est l&#8217;avenir des portables)<\/p>\n\n<p>C&#8217;est une bonne chose.<\/p>\n","protected":false},"excerpt":{"rendered":"<p>Une des choses \u00e0 retenir de cette Keynote, qui n&#8217;a peut-\u00eatre pas \u00e9t\u00e9 officiellement annonc\u00e9e, mais qui me semble aller de soi : Cette fois \u00e7a y est, les disques durs traditionnels vivent leurs derniers jours sur les portables Apple. &hellip; <a href=\"https:\/\/www.davidbosman.fr\/blog\/2010\/10\/20\/ssd-le-futur-commence-aujourdhui\/\">Read more &rarr;<\/a><\/p>","protected":false},"author":2,"featured_media":0,"comment_status":"open","ping_status":"open","sticky":false,"template":"","format":"standard","meta":{"footnotes":""},"categories":[9],"tags":[39],"class_list":["post-8624","post","type-post","status-publish","format-standard","hentry","category-mac","tag-apple"],"_links":{"self":[{"href":"https:\/\/www.davidbosman.fr\/blog\/wp-json\/wp\/v2\/posts\/8624","targetHints":{"allow":["GET"]}}],"collection":[{"href":"https:\/\/www.davidbosman.fr\/blog\/wp-json\/wp\/v2\/posts"}],"about":[{"href":"https:\/\/www.davidbosman.fr\/blog\/wp-json\/wp\/v2\/types\/post"}],"author":[{"embeddable":true,"href":"https:\/\/www.davidbosman.fr\/blog\/wp-json\/wp\/v2\/users\/2"}],"replies":[{"embeddable":true,"href":"https:\/\/www.davidbosman.fr\/blog\/wp-json\/wp\/v2\/comments?post=8624"}],"version-history":[{"count":1,"href":"https:\/\/www.davidbosman.fr\/blog\/wp-json\/wp\/v2\/posts\/8624\/revisions"}],"predecessor-version":[{"id":8625,"href":"https:\/\/www.davidbosman.fr\/blog\/wp-json\/wp\/v2\/posts\/8624\/revisions\/8625"}],"wp:attachment":[{"href":"https:\/\/www.davidbosman.fr\/blog\/wp-json\/wp\/v2\/media?parent=8624"}],"wp:term":[{"taxonomy":"category","embeddable":true,"href":"https:\/\/www.davidbosman.fr\/blog\/wp-json\/wp\/v2\/categories?post=8624"},{"taxonomy":"post_tag","embeddable":true,"href":"https:\/\/www.davidbosman.fr\/blog\/wp-json\/wp\/v2\/tags?post=8624"}],"curies":[{"name":"wp","href":"https:\/\/api.w.org\/{rel}","templated":true}]}}