{"id":8561,"date":"2010-10-15T08:24:52","date_gmt":"2010-10-15T06:24:52","guid":{"rendered":"http:\/\/davidbosman.fr\/blog\/2010\/10\/15\/une-mise-a-jour-de-ilife\/"},"modified":"2010-10-15T08:27:02","modified_gmt":"2010-10-15T06:27:02","slug":"une-mise-a-jour-de-ilife","status":"publish","type":"post","link":"https:\/\/www.davidbosman.fr\/blog\/2010\/10\/15\/une-mise-a-jour-de-ilife\/","title":{"rendered":"Une mise \u00e0 jour de iLife ?"},"content":{"rendered":"<p>Les stocks de <em>iLife&#8217;09<\/em> seraient au plus bas, selon <a href=\"http:\/\/www.macgeneration.com\/news\/voir\/172411\/ilife-09-se-fait-rare\">MacG\u00e9<\/a>. On pourrait donc esp\u00e9rer une MAJ prochaine et vu que le 20 Apple organise un Special Event&#8230;<\/p>\n\n<p>Parmi les nouveaut\u00e9s souhait\u00e9es, je cite toujours MacG\u00e9 :<\/p>\n\n<blockquote>\n  <p>On aimerait que les biblioth\u00e8ques d&#8217;iPhoto &#8217;11 puissent se synchroniser entre plusieurs postes<\/p>\n<\/blockquote>\n\n<p>Oh que oui ! On aimerait bien. Surtout parce que \u00e7a laisserait esp\u00e9rer qu&#8217;une fonctionnalit\u00e9 similaire sera propos\u00e9e dans la prochaine version de&#8230; Aperture \ud83d\ude09<\/p>\n","protected":false},"excerpt":{"rendered":"<p>Les stocks de iLife&#8217;09 seraient au plus bas, selon MacG\u00e9. On pourrait donc esp\u00e9rer une MAJ prochaine et vu que le 20 Apple organise un Special Event&#8230; Parmi les nouveaut\u00e9s souhait\u00e9es, je cite toujours MacG\u00e9 : On aimerait que les &hellip; <a href=\"https:\/\/www.davidbosman.fr\/blog\/2010\/10\/15\/une-mise-a-jour-de-ilife\/\">Read more &rarr;<\/a><\/p>","protected":false},"author":2,"featured_media":0,"comment_status":"open","ping_status":"open","sticky":false,"template":"","format":"standard","meta":{"footnotes":""},"categories":[9],"tags":[],"class_list":["post-8561","post","type-post","status-publish","format-standard","hentry","category-mac"],"_links":{"self":[{"href":"https:\/\/www.davidbosman.fr\/blog\/wp-json\/wp\/v2\/posts\/8561","targetHints":{"allow":["GET"]}}],"collection":[{"href":"https:\/\/www.davidbosman.fr\/blog\/wp-json\/wp\/v2\/posts"}],"about":[{"href":"https:\/\/www.davidbosman.fr\/blog\/wp-json\/wp\/v2\/types\/post"}],"author":[{"embeddable":true,"href":"https:\/\/www.davidbosman.fr\/blog\/wp-json\/wp\/v2\/users\/2"}],"replies":[{"embeddable":true,"href":"https:\/\/www.davidbosman.fr\/blog\/wp-json\/wp\/v2\/comments?post=8561"}],"version-history":[{"count":2,"href":"https:\/\/www.davidbosman.fr\/blog\/wp-json\/wp\/v2\/posts\/8561\/revisions"}],"predecessor-version":[{"id":8563,"href":"https:\/\/www.davidbosman.fr\/blog\/wp-json\/wp\/v2\/posts\/8561\/revisions\/8563"}],"wp:attachment":[{"href":"https:\/\/www.davidbosman.fr\/blog\/wp-json\/wp\/v2\/media?parent=8561"}],"wp:term":[{"taxonomy":"category","embeddable":true,"href":"https:\/\/www.davidbosman.fr\/blog\/wp-json\/wp\/v2\/categories?post=8561"},{"taxonomy":"post_tag","embeddable":true,"href":"https:\/\/www.davidbosman.fr\/blog\/wp-json\/wp\/v2\/tags?post=8561"}],"curies":[{"name":"wp","href":"https:\/\/api.w.org\/{rel}","templated":true}]}}