{"id":8366,"date":"2010-10-03T11:14:57","date_gmt":"2010-10-03T09:14:57","guid":{"rendered":"http:\/\/davidbosman.fr\/blog\/?p=8366"},"modified":"2011-08-11T19:59:07","modified_gmt":"2011-08-11T17:59:07","slug":"jaimerais-bien-en-avoir-une-plus-petite","status":"publish","type":"post","link":"https:\/\/www.davidbosman.fr\/blog\/2010\/10\/03\/jaimerais-bien-en-avoir-une-plus-petite\/","title":{"rendered":"J&#8217;aimerais bien en avoir une plus petite&#8230;"},"content":{"rendered":"<p>&#8230; de focale :<\/p>\n\n<p><a href=\"http:\/\/davidbosman.fr\/blog\/2010\/10\/03\/jaimerais-bien-en-avoir-une-plus-petite\/x100\/\" rel=\"attachment wp-att-8367\"><img loading=\"lazy\" decoding=\"async\" src=\"http:\/\/davidbosman.fr\/blog\/wp-content\/uploads\/2010\/10\/x100.png\" alt=\"\" title=\"x100\" width=\"344\" height=\"215\" class=\"alignnone size-full wp-image-8367\" \/><\/a><\/p>\n\n<p>Fuji, tu me vires le 35mm f2 (en \u00e9quival 24&#215;36) et tu me mets \u00e0 la place un 24mm parce que, vois-tu, j&#8217;aime \u00e7a, et je te l&#8217;ach\u00e8te l\u00e0 tout de suite. J&#8217;attends, j&#8217;ai d\u00e9j\u00e0 la CB en mains.<\/p>\n\n<p><a href=\"http:\/\/www.fujifilm.fr\/www\/presse\/communiques-de-presse\/fujifilm-annonce-finepix-x100.jsp\">Fuji annonce le FinePix X100<\/a>, via un paquet de sites.<\/p>\n","protected":false},"excerpt":{"rendered":"<p>&#8230; de focale : Fuji, tu me vires le 35mm f2 (en \u00e9quival 24&#215;36) et tu me mets \u00e0 la place un 24mm parce que, vois-tu, j&#8217;aime \u00e7a, et je te l&#8217;ach\u00e8te l\u00e0 tout de suite. J&#8217;attends, j&#8217;ai d\u00e9j\u00e0 la &hellip; <a href=\"https:\/\/www.davidbosman.fr\/blog\/2010\/10\/03\/jaimerais-bien-en-avoir-une-plus-petite\/\">Read more &rarr;<\/a><\/p>","protected":false},"author":2,"featured_media":0,"comment_status":"open","ping_status":"open","sticky":false,"template":"","format":"standard","meta":{"footnotes":""},"categories":[7],"tags":[107],"class_list":["post-8366","post","type-post","status-publish","format-standard","hentry","category-des-photos","tag-des-photos"],"_links":{"self":[{"href":"https:\/\/www.davidbosman.fr\/blog\/wp-json\/wp\/v2\/posts\/8366","targetHints":{"allow":["GET"]}}],"collection":[{"href":"https:\/\/www.davidbosman.fr\/blog\/wp-json\/wp\/v2\/posts"}],"about":[{"href":"https:\/\/www.davidbosman.fr\/blog\/wp-json\/wp\/v2\/types\/post"}],"author":[{"embeddable":true,"href":"https:\/\/www.davidbosman.fr\/blog\/wp-json\/wp\/v2\/users\/2"}],"replies":[{"embeddable":true,"href":"https:\/\/www.davidbosman.fr\/blog\/wp-json\/wp\/v2\/comments?post=8366"}],"version-history":[{"count":6,"href":"https:\/\/www.davidbosman.fr\/blog\/wp-json\/wp\/v2\/posts\/8366\/revisions"}],"predecessor-version":[{"id":11138,"href":"https:\/\/www.davidbosman.fr\/blog\/wp-json\/wp\/v2\/posts\/8366\/revisions\/11138"}],"wp:attachment":[{"href":"https:\/\/www.davidbosman.fr\/blog\/wp-json\/wp\/v2\/media?parent=8366"}],"wp:term":[{"taxonomy":"category","embeddable":true,"href":"https:\/\/www.davidbosman.fr\/blog\/wp-json\/wp\/v2\/categories?post=8366"},{"taxonomy":"post_tag","embeddable":true,"href":"https:\/\/www.davidbosman.fr\/blog\/wp-json\/wp\/v2\/tags?post=8366"}],"curies":[{"name":"wp","href":"https:\/\/api.w.org\/{rel}","templated":true}]}}