{"id":7679,"date":"2010-06-07T20:09:26","date_gmt":"2010-06-07T18:09:26","guid":{"rendered":"http:\/\/davidbosman.fr\/blog\/2010\/06\/07\/apple-fabricant-de-telephone-et-de-tablettes\/"},"modified":"2010-06-07T20:11:14","modified_gmt":"2010-06-07T18:11:14","slug":"apple-fabricant-de-telephone-et-de-tablettes","status":"publish","type":"post","link":"https:\/\/www.davidbosman.fr\/blog\/2010\/06\/07\/apple-fabricant-de-telephone-et-de-tablettes\/","title":{"rendered":"Apple, fabricant de t\u00e9l\u00e9phones et de tablettes ?"},"content":{"rendered":"<p>C&#8217;est pas la premi\u00e8re fois que je parle de mes doutes \u00e0 ce sujet, mais la keynote sur l&#8217;iPhone 4 est incroyable et annonce une prochaine version de l&#8217;iPad qui sera forc\u00e9ment \u00e9norme.<\/p>\n\n<p>Que restera-t-il au Mac ?<\/p>\n\n<p><img decoding=\"async\" src=\"http:\/\/davidbosman.fr\/blog\/wp-content\/uploads\/2010\/06\/hello_mac_600png.png\" alt=\"Hello mac 600.png\" \/><\/p>\n\n<p>Bon allez, je suis excessif. Mais quand m\u00eame c&#8217;est fou.<\/p>\n","protected":false},"excerpt":{"rendered":"<p>C&#8217;est pas la premi\u00e8re fois que je parle de mes doutes \u00e0 ce sujet, mais la keynote sur l&#8217;iPhone 4 est incroyable et annonce une prochaine version de l&#8217;iPad qui sera forc\u00e9ment \u00e9norme. Que restera-t-il au Mac ? Bon allez, &hellip; <a href=\"https:\/\/www.davidbosman.fr\/blog\/2010\/06\/07\/apple-fabricant-de-telephone-et-de-tablettes\/\">Read more &rarr;<\/a><\/p>","protected":false},"author":2,"featured_media":0,"comment_status":"open","ping_status":"open","sticky":false,"template":"","format":"standard","meta":{"footnotes":""},"categories":[9],"tags":[39,33],"class_list":["post-7679","post","type-post","status-publish","format-standard","hentry","category-mac","tag-apple","tag-ipad"],"_links":{"self":[{"href":"https:\/\/www.davidbosman.fr\/blog\/wp-json\/wp\/v2\/posts\/7679","targetHints":{"allow":["GET"]}}],"collection":[{"href":"https:\/\/www.davidbosman.fr\/blog\/wp-json\/wp\/v2\/posts"}],"about":[{"href":"https:\/\/www.davidbosman.fr\/blog\/wp-json\/wp\/v2\/types\/post"}],"author":[{"embeddable":true,"href":"https:\/\/www.davidbosman.fr\/blog\/wp-json\/wp\/v2\/users\/2"}],"replies":[{"embeddable":true,"href":"https:\/\/www.davidbosman.fr\/blog\/wp-json\/wp\/v2\/comments?post=7679"}],"version-history":[{"count":2,"href":"https:\/\/www.davidbosman.fr\/blog\/wp-json\/wp\/v2\/posts\/7679\/revisions"}],"predecessor-version":[{"id":7681,"href":"https:\/\/www.davidbosman.fr\/blog\/wp-json\/wp\/v2\/posts\/7679\/revisions\/7681"}],"wp:attachment":[{"href":"https:\/\/www.davidbosman.fr\/blog\/wp-json\/wp\/v2\/media?parent=7679"}],"wp:term":[{"taxonomy":"category","embeddable":true,"href":"https:\/\/www.davidbosman.fr\/blog\/wp-json\/wp\/v2\/categories?post=7679"},{"taxonomy":"post_tag","embeddable":true,"href":"https:\/\/www.davidbosman.fr\/blog\/wp-json\/wp\/v2\/tags?post=7679"}],"curies":[{"name":"wp","href":"https:\/\/api.w.org\/{rel}","templated":true}]}}