{"id":7153,"date":"2010-04-19T20:06:36","date_gmt":"2010-04-19T18:06:36","guid":{"rendered":"http:\/\/davidbosman.fr\/blog\/2010\/04\/19\/taille-des-images-dans-mail\/"},"modified":"2010-05-08T22:40:45","modified_gmt":"2010-05-08T20:40:45","slug":"taille-des-images-dans-mail","status":"publish","type":"post","link":"https:\/\/www.davidbosman.fr\/blog\/2010\/04\/19\/taille-des-images-dans-mail\/","title":{"rendered":"Taille des images dans Mail"},"content":{"rendered":"<p>J&#8217;aime bien Apple. Pas toujours, mais souvent quand m\u00eame. L\u00e0, par exemple, c&#8217;est Apple comme je l&#8217;aime :<\/p>\n\n<p><img decoding=\"async\" src=\"http:\/\/davidbosman.fr\/blog\/wp-content\/uploads\/2010\/04\/mailappresize_001jpg.png\" alt=\"Un e-mail bien trop gros!\" \/><\/p>\n\n<p>Informer de la taille de l&#8217;e-mail au fur et \u00e0 mesure o\u00f9 on ajoute des images. Et, en plus de \u00e7a, donner un moyen <em>simple<\/em> de r\u00e9duire la taille de toutes les images d&#8217;un coup&#8211;il suffit de choisir un format dans la liste \u00e0 droite :<\/p>\n\n<p><img decoding=\"async\" src=\"http:\/\/davidbosman.fr\/blog\/wp-content\/uploads\/2010\/04\/mailappresize_002png.png\" alt=\"Mailappresize 002.png\" \/><\/p>\n","protected":false},"excerpt":{"rendered":"<p>J&#8217;aime bien Apple. Pas toujours, mais souvent quand m\u00eame. L\u00e0, par exemple, c&#8217;est Apple comme je l&#8217;aime : Informer de la taille de l&#8217;e-mail au fur et \u00e0 mesure o\u00f9 on ajoute des images. Et, en plus de \u00e7a, donner &hellip; <a href=\"https:\/\/www.davidbosman.fr\/blog\/2010\/04\/19\/taille-des-images-dans-mail\/\">Read more &rarr;<\/a><\/p>","protected":false},"author":2,"featured_media":0,"comment_status":"open","ping_status":"open","sticky":false,"template":"","format":"standard","meta":{"footnotes":""},"categories":[9,12],"tags":[39,25,5],"class_list":["post-7153","post","type-post","status-publish","format-standard","hentry","category-mac","category-trucs-et-astuces","tag-apple","tag-productivite","tag-zen"],"_links":{"self":[{"href":"https:\/\/www.davidbosman.fr\/blog\/wp-json\/wp\/v2\/posts\/7153","targetHints":{"allow":["GET"]}}],"collection":[{"href":"https:\/\/www.davidbosman.fr\/blog\/wp-json\/wp\/v2\/posts"}],"about":[{"href":"https:\/\/www.davidbosman.fr\/blog\/wp-json\/wp\/v2\/types\/post"}],"author":[{"embeddable":true,"href":"https:\/\/www.davidbosman.fr\/blog\/wp-json\/wp\/v2\/users\/2"}],"replies":[{"embeddable":true,"href":"https:\/\/www.davidbosman.fr\/blog\/wp-json\/wp\/v2\/comments?post=7153"}],"version-history":[{"count":3,"href":"https:\/\/www.davidbosman.fr\/blog\/wp-json\/wp\/v2\/posts\/7153\/revisions"}],"predecessor-version":[{"id":7362,"href":"https:\/\/www.davidbosman.fr\/blog\/wp-json\/wp\/v2\/posts\/7153\/revisions\/7362"}],"wp:attachment":[{"href":"https:\/\/www.davidbosman.fr\/blog\/wp-json\/wp\/v2\/media?parent=7153"}],"wp:term":[{"taxonomy":"category","embeddable":true,"href":"https:\/\/www.davidbosman.fr\/blog\/wp-json\/wp\/v2\/categories?post=7153"},{"taxonomy":"post_tag","embeddable":true,"href":"https:\/\/www.davidbosman.fr\/blog\/wp-json\/wp\/v2\/tags?post=7153"}],"curies":[{"name":"wp","href":"https:\/\/api.w.org\/{rel}","templated":true}]}}