{"id":5818,"date":"2010-03-20T11:36:00","date_gmt":"2010-03-20T11:36:00","guid":{"rendered":"http:\/\/davidbosman.fr\/blog\/2010\/03\/20\/20100320le-juste-prix\/"},"modified":"2010-03-27T23:50:45","modified_gmt":"2010-03-27T22:50:45","slug":"20100320le-juste-prix","status":"publish","type":"post","link":"https:\/\/www.davidbosman.fr\/blog\/2010\/03\/20\/20100320le-juste-prix\/","title":{"rendered":"Le juste prix"},"content":{"rendered":"<p>La semaine derni\u00e8re, j&#8217;ai achet\u00e9 une licence de <a href=\"http:\/\/www.publicspace.net\/ABetterFinderRename\/index.html\">A Better Finder Rename<\/a>. Ca m&#8217;a co\u00fbt\u00e9 approximativement 20&#160;\u20ac.<\/p>\n\n<p>Le prix peut sembler \u00e9lev\u00e9, alors que Mac OSX lui-m\u00eame n&#8217;en co\u00fbte que 29\u20ac. <em>Ca ne l&#8217;est pas<\/em>, aucun doute \u00e0 mes yeux que ABFR a tr\u00e8s largement amorti son prix en un seul WE, gr\u00e2ce au temps qu&#8217;il m&#8217;a fait \u00e9conomiser pour renommer des milliers et des milliers de fichiers. Et qu&#8217;il continuera \u00e0 me servir au quotidien. Et puis, il est dans la tranche de prix des petites applications propos\u00e9es par les d\u00e9veloppeurs ind\u00e9pendants.<\/p>\n\n<p>Mais est-ce que \u00e7a ne semble pas &#8220;trop&#8221; cher, compar\u00e9 au prix du syst\u00e8me d&#8217;exploitation, de Mac OS X lui-m\u00eame, qui permet de faire tant de choses&#160;: surfer, envoyer des emails, regarder des films, \u00e9couter de la musique, retoucher les photos, tchater, monter des films, g\u00e9rer nos fichiers, etc.&#160;? Est-ce que \u00e7a ne pourrait pas faire h\u00e9siter un acheteur&#160;?<\/p>\n\n<p>C&#8217;est surement tr\u00e8s b\u00eate comme r\u00e9flexion, et je n&#8217;y avais pas pens\u00e9 jusqu&#8217;\u00e0 ce matin, mais est-ce que la baisse de prix de OS X a eu un impact sur les ventes des petits d\u00e9veloppeurs ind\u00e9pendants&#160;?<\/p>\n\n<p>Apple nous pr\u00e9pare-t&#8217;elle un changement dans la fa\u00e7on d&#8217;acheter ces petites applications ind\u00e9pendantes, comme on consomme des &#8220;iApp&#8221; sur liPhone et, demain, sur l&#8217;iPad&#160;?<\/p>\n","protected":false},"excerpt":{"rendered":"<p>La semaine derni\u00e8re, j&#8217;ai achet\u00e9 une licence de A Better Finder Rename. Ca m&#8217;a co\u00fbt\u00e9 approximativement 20&#160;\u20ac. Le prix peut sembler \u00e9lev\u00e9, alors que Mac OSX lui-m\u00eame n&#8217;en co\u00fbte que 29\u20ac. Ca ne l&#8217;est pas, aucun doute \u00e0 mes yeux &hellip; <a href=\"https:\/\/www.davidbosman.fr\/blog\/2010\/03\/20\/20100320le-juste-prix\/\">Read more &rarr;<\/a><\/p>","protected":false},"author":2,"featured_media":0,"comment_status":"open","ping_status":"open","sticky":false,"template":"","format":"standard","meta":{"footnotes":""},"categories":[9],"tags":[39,25],"class_list":["post-5818","post","type-post","status-publish","format-standard","hentry","category-mac","tag-apple","tag-productivite"],"_links":{"self":[{"href":"https:\/\/www.davidbosman.fr\/blog\/wp-json\/wp\/v2\/posts\/5818","targetHints":{"allow":["GET"]}}],"collection":[{"href":"https:\/\/www.davidbosman.fr\/blog\/wp-json\/wp\/v2\/posts"}],"about":[{"href":"https:\/\/www.davidbosman.fr\/blog\/wp-json\/wp\/v2\/types\/post"}],"author":[{"embeddable":true,"href":"https:\/\/www.davidbosman.fr\/blog\/wp-json\/wp\/v2\/users\/2"}],"replies":[{"embeddable":true,"href":"https:\/\/www.davidbosman.fr\/blog\/wp-json\/wp\/v2\/comments?post=5818"}],"version-history":[{"count":1,"href":"https:\/\/www.davidbosman.fr\/blog\/wp-json\/wp\/v2\/posts\/5818\/revisions"}],"predecessor-version":[{"id":6948,"href":"https:\/\/www.davidbosman.fr\/blog\/wp-json\/wp\/v2\/posts\/5818\/revisions\/6948"}],"wp:attachment":[{"href":"https:\/\/www.davidbosman.fr\/blog\/wp-json\/wp\/v2\/media?parent=5818"}],"wp:term":[{"taxonomy":"category","embeddable":true,"href":"https:\/\/www.davidbosman.fr\/blog\/wp-json\/wp\/v2\/categories?post=5818"},{"taxonomy":"post_tag","embeddable":true,"href":"https:\/\/www.davidbosman.fr\/blog\/wp-json\/wp\/v2\/tags?post=5818"}],"curies":[{"name":"wp","href":"https:\/\/api.w.org\/{rel}","templated":true}]}}