{"id":5719,"date":"2010-01-25T09:31:00","date_gmt":"2010-01-25T09:31:00","guid":{"rendered":"http:\/\/davidbosman.fr\/blog\/2010\/01\/25\/20100125merde-je-dis-pas-que-des-conneries\/"},"modified":"2010-03-27T23:50:23","modified_gmt":"2010-03-27T22:50:23","slug":"20100125merde-je-dis-pas-que-des-conneries","status":"publish","type":"post","link":"https:\/\/www.davidbosman.fr\/blog\/2010\/01\/25\/20100125merde-je-dis-pas-que-des-conneries\/","title":{"rendered":"Merde, je dis pas que des conneries"},"content":{"rendered":"<p>J&#8217;en \u00e9cris aussi, ajoutera le petit rigolo au fond de la classe. Et il a bien raison.<\/p>\n\n<p>Je viens de relire <a href=\"\/dotclear2\/index.php?post\/2005\/03\/08\/197-\" hreflang=\"fr\">ce billet de 2005<\/a>, dont je vous parlai <a href=\"\/dotclear2\/index.php?post\/2010\/01\/25\/Cette-de-technologie-n-est-pas-neutre\" hreflang=\"fr\">\u00e0 l&#8217;instant<\/a>. Bon, je suis mal plac\u00e9 pour le trouver int\u00e9ressant mais peu importe: j&#8217;y retrouve en filigrane les questions qui m&#8217;animent aujourd&#8217;hui plus que jamais. Coup de pied salutaire dans le fondement de votre serviteur qui s&#8217;\u00e9tait un peu assoupi dans la routine&#8230;<\/p>\n\n<blockquote><p>Jusqu\u2019o\u00f9 pouvons-nous pousser un tel transfert sans en arriver \u00e0 tracer un signe d\u2019\u00e9galit\u00e9 entre \u201c\u00e7a\u201d, les objets, et nous, les humains&#160;? Dire d\u2019un outil qu\u2019il est stupide, ou intelligent, n\u2019est-ce pas implicitement avoir d\u00e9j\u00e0 trac\u00e9 ce signe d\u2019\u00e9galit\u00e9&#160;? Et qui peut croire que nous nous arr\u00eaterons \u00e0 l\u2019\u00e9galit\u00e9&#160;?<\/p> <\/blockquote>\n","protected":false},"excerpt":{"rendered":"<p>J&#8217;en \u00e9cris aussi, ajoutera le petit rigolo au fond de la classe. Et il a bien raison. Je viens de relire ce billet de 2005, dont je vous parlai \u00e0 l&#8217;instant. Bon, je suis mal plac\u00e9 pour le trouver int\u00e9ressant &hellip; <a href=\"https:\/\/www.davidbosman.fr\/blog\/2010\/01\/25\/20100125merde-je-dis-pas-que-des-conneries\/\">Read more &rarr;<\/a><\/p>","protected":false},"author":2,"featured_media":0,"comment_status":"open","ping_status":"open","sticky":false,"template":"","format":"standard","meta":{"footnotes":""},"categories":[1],"tags":[4],"class_list":["post-5719","post","type-post","status-publish","format-standard","hentry","category-general","tag-societe"],"_links":{"self":[{"href":"https:\/\/www.davidbosman.fr\/blog\/wp-json\/wp\/v2\/posts\/5719","targetHints":{"allow":["GET"]}}],"collection":[{"href":"https:\/\/www.davidbosman.fr\/blog\/wp-json\/wp\/v2\/posts"}],"about":[{"href":"https:\/\/www.davidbosman.fr\/blog\/wp-json\/wp\/v2\/types\/post"}],"author":[{"embeddable":true,"href":"https:\/\/www.davidbosman.fr\/blog\/wp-json\/wp\/v2\/users\/2"}],"replies":[{"embeddable":true,"href":"https:\/\/www.davidbosman.fr\/blog\/wp-json\/wp\/v2\/comments?post=5719"}],"version-history":[{"count":1,"href":"https:\/\/www.davidbosman.fr\/blog\/wp-json\/wp\/v2\/posts\/5719\/revisions"}],"predecessor-version":[{"id":6849,"href":"https:\/\/www.davidbosman.fr\/blog\/wp-json\/wp\/v2\/posts\/5719\/revisions\/6849"}],"wp:attachment":[{"href":"https:\/\/www.davidbosman.fr\/blog\/wp-json\/wp\/v2\/media?parent=5719"}],"wp:term":[{"taxonomy":"category","embeddable":true,"href":"https:\/\/www.davidbosman.fr\/blog\/wp-json\/wp\/v2\/categories?post=5719"},{"taxonomy":"post_tag","embeddable":true,"href":"https:\/\/www.davidbosman.fr\/blog\/wp-json\/wp\/v2\/tags?post=5719"}],"curies":[{"name":"wp","href":"https:\/\/api.w.org\/{rel}","templated":true}]}}