{"id":5586,"date":"2009-09-08T23:15:00","date_gmt":"2009-09-08T23:15:00","guid":{"rendered":"http:\/\/davidbosman.fr\/blog\/2009\/09\/08\/20090908on-se-prepare-a-reprendre-le-boulot-on-cherche-un-calendrier-sur-le-mac-on-cherche-on-cherche\/"},"modified":"2010-03-27T23:49:04","modified_gmt":"2010-03-27T22:49:04","slug":"20090908on-se-prepare-a-reprendre-le-boulot-on-cherche-un-calendrier-sur-le-mac-on-cherche-on-cherche","status":"publish","type":"post","link":"https:\/\/www.davidbosman.fr\/blog\/2009\/09\/08\/20090908on-se-prepare-a-reprendre-le-boulot-on-cherche-un-calendrier-sur-le-mac-on-cherche-on-cherche\/","title":{"rendered":"On se pr\u00e9pare \u00e0 reprendre le boulot, on cherche un calendrier sur le Mac&#8230; On cherche&#8230; On cherche"},"content":{"rendered":"<p>Ca \u00e9tonne certains (et certaines) qui bossent avec moi:&nbsp;&nbsp;pour prendre des notes, ou pour g\u00e9rer mon emploi du temps,&nbsp;je trouve plus pratique le papier et le stylo que leurs \u00e9quivalents num\u00e9riques. Je bosse mieux \u2014 ou moins mal, c&#8217;est selon \u2014 comme \u00e7a. Mais \u00e7a ne m&#8217;emp\u00eache pas d&#8217;essayer tr\u00e8s r\u00e9guli\u00e8rement de &#8220;passer&#8221; au tout num\u00e9rique.&nbsp;<\/p>\n\n<p>J&#8217;en veux pour preuve que, alors que j&#8217;ai d\u00e9j\u00e0 command\u00e9, re\u00e7u et mis en place les recharges Filofax pour l&#8217;ann\u00e9e 2010, je me suis dit &#8220;allez mon gars. Cette ann\u00e9e est la bonne. Tu passes \u00e0 iCal&#160;!&#8221;&nbsp;<\/p>\n\n<p>Apr\u00e8s tout, aucun Filofax ne peut g\u00e9rer un agenda partag\u00e9, y a pas de copier-coller, y a pas de syncro sur le Mac et l&#8217;iPhone, y a pas de backup, etc. Le Filofax, c&#8217;est &nbsp;vieux, c&#8217;est pas en ligne. C&#8217;est m\u00eame pas num\u00e9rique, c&#8217;est dire s&#8217;il est urgent de changer et de rattraper mon \u00e9poque.<\/p>\n\n<p>Ni une ni deux, je le repousse au loin, et rapproche le Mac qui d\u00e9marre \u00e0 peine l&#8217;\u00e9cran relev\u00e9. Un clic pour d\u00e9marrer iCal. Et depuis, je cherche.&nbsp;<\/p>\n\n<p>Quoi? L&#8217;affichage que j&#8217;utilise le plus, celui qui me sert \u00e0 g\u00e9rer les magazines: l&#8217;affichage annuel. Ou, au moins, par 6 mois.<\/p>\n\n<p>Jour, semaine, mois et&#8230;<\/p>\n\n<p><img decoding=\"async\" src=\"\/dotclear2\/public\/MBP_95.PNG\" alt=\"\" title=\"MBP_95.PNG, sept. 2009\" \/><\/p>\n\n<p>C&#8217;est tout.&nbsp;<span class=\"Apple-style-span\" style=\"font-style: italic; \">Affichage annuel (ou semestriel). Y a pas&#160;?<\/span><\/p>\n\n<p>Hum. Je suis conscient que notre vie de plus en plus digitale, en m\u00eame temps qu&#8217;elle se d\u00e9mat\u00e9rialise, change aussi d&#8217;\u00e9chelle et de rythme: ce qui se mesurait en mois se compte en jours et le bout de notre nez semble un horizon lointain. Je r\u00e9alise que &#8220;une ann\u00e9e&#8221; \u00e7a semble une \u00e9ternit\u00e9 aux plus jeunes, voire m\u00eame un mythe fabriqu\u00e9 de toute pi\u00e8ce \u2014 un truc qu&#8217;on raconte aux enfants pour les faire taire quand ils r\u00e9clament <span class=\"Apple-style-span\" style=\"text-decoration: line-through;\">un nouveau v\u00e9lo<\/span> une nouvelle console de jeux: &#8220;l&#8217;ann\u00e9e prochaine, si t&#8217;es sage&#8221;. <em>L&#8217;ann\u00e9e prochaine<\/em>? autant leur fixer RDV apr\u00e8s le prochain Big Bang \u2014, mais \u00e7a ne r\u00e9sout pas mon probl\u00e8me tr\u00e8s b\u00eate&#160;: pour g\u00e9rer un projet&nbsp;(ou plusieurs, d&#8217;ailleurs) sur un an ou plus, on fait comment sans une vue d&#8217;ensemble&#160;?<\/p>\n\n<p>Ami(e) lecteur\/lectrice sais-tu comment on fait, dans iCal, pour afficher plus d&#8217;un mois \u00e0 la fois&#160;?<\/p>\n\n<div align=\"center\"><img decoding=\"async\" src=\"http:\/\/davidbosman.fr\/images\/zen.png\" alt=\"\" zen=\"\" style=\"border: 0 none ;\" \/><\/div>\n\n<p>Je repousse le Mac, reprend mon vieil agenda, l&#8217;ouvre \u00e0 la date du 8 septembre 2010 et note: &#8220;V\u00e9rifier si iCal dispose des m\u00eames fonctions que le Filofax, qui existe depuis 1921&#8221;.&nbsp;<\/p>\n\n<p>\ud83d\ude09<\/p>\n","protected":false},"excerpt":{"rendered":"<p>Ca \u00e9tonne certains (et certaines) qui bossent avec moi:&nbsp;&nbsp;pour prendre des notes, ou pour g\u00e9rer mon emploi du temps,&nbsp;je trouve plus pratique le papier et le stylo que leurs \u00e9quivalents num\u00e9riques. Je bosse mieux \u2014 ou moins mal, c&#8217;est selon &hellip; <a href=\"https:\/\/www.davidbosman.fr\/blog\/2009\/09\/08\/20090908on-se-prepare-a-reprendre-le-boulot-on-cherche-un-calendrier-sur-le-mac-on-cherche-on-cherche\/\">Read more &rarr;<\/a><\/p>","protected":false},"author":2,"featured_media":0,"comment_status":"open","ping_status":"open","sticky":false,"template":"","format":"standard","meta":{"footnotes":""},"categories":[9],"tags":[],"class_list":["post-5586","post","type-post","status-publish","format-standard","hentry","category-mac"],"_links":{"self":[{"href":"https:\/\/www.davidbosman.fr\/blog\/wp-json\/wp\/v2\/posts\/5586","targetHints":{"allow":["GET"]}}],"collection":[{"href":"https:\/\/www.davidbosman.fr\/blog\/wp-json\/wp\/v2\/posts"}],"about":[{"href":"https:\/\/www.davidbosman.fr\/blog\/wp-json\/wp\/v2\/types\/post"}],"author":[{"embeddable":true,"href":"https:\/\/www.davidbosman.fr\/blog\/wp-json\/wp\/v2\/users\/2"}],"replies":[{"embeddable":true,"href":"https:\/\/www.davidbosman.fr\/blog\/wp-json\/wp\/v2\/comments?post=5586"}],"version-history":[{"count":1,"href":"https:\/\/www.davidbosman.fr\/blog\/wp-json\/wp\/v2\/posts\/5586\/revisions"}],"predecessor-version":[{"id":6704,"href":"https:\/\/www.davidbosman.fr\/blog\/wp-json\/wp\/v2\/posts\/5586\/revisions\/6704"}],"wp:attachment":[{"href":"https:\/\/www.davidbosman.fr\/blog\/wp-json\/wp\/v2\/media?parent=5586"}],"wp:term":[{"taxonomy":"category","embeddable":true,"href":"https:\/\/www.davidbosman.fr\/blog\/wp-json\/wp\/v2\/categories?post=5586"},{"taxonomy":"post_tag","embeddable":true,"href":"https:\/\/www.davidbosman.fr\/blog\/wp-json\/wp\/v2\/tags?post=5586"}],"curies":[{"name":"wp","href":"https:\/\/api.w.org\/{rel}","templated":true}]}}