{"id":5337,"date":"2008-09-16T23:03:59","date_gmt":"2008-09-16T23:03:59","guid":{"rendered":"http:\/\/davidbosman.fr\/blog\/2008\/09\/16\/20080916625-goethe-et-le-droit-a-l-image\/"},"modified":"2010-03-27T23:48:03","modified_gmt":"2010-03-27T22:48:03","slug":"20080916625-goethe-et-le-droit-a-l-image","status":"publish","type":"post","link":"https:\/\/www.davidbosman.fr\/blog\/2008\/09\/16\/20080916625-goethe-et-le-droit-a-l-image\/","title":{"rendered":"Goethe et le droit \u00e0 l&#8217;image"},"content":{"rendered":"<p>J&#8217;ai commenc\u00e9 ce soir son <i>Voyage en Italie<\/i>, et je tombe sur ce passage :<\/p>\n\n<blockquote> J&#8217;\u00e9tais \u00e0 peine \u00e9tabli, que diverses personnes entr\u00e8rent dans la cour. Elles m&#8217;observent, elles vont et viennent; la foule augmente, puis elle demeure et finit par m&#8217;entourer. je voyais bien que mon travail avait \u00e9veill\u00e9 leur attention, mais je ne me laissai pas troubler, et je continuai tranquillement. Enfin un homme d&#8217;assez mauvaise mine s&#8217;avance vers moi et me demande ce que je fais l\u00e0. Je lui r\u00e9ponds que je dessine  la vieille tour, pour conserver un souvenir de Malcesine. L\u00e0-dessus il me dit que cela n&#8217;est pas permis et que je dois cesser. Comme il me disait cela dans la langue populaire de Venise, que j&#8217;entendais \u00e0 peine, je lui r\u00e9pondis que je ne le comprenais pas. Sur quoi, avec un v\u00e9ritable flegme italien, il prit ma feuille et la d\u00e9chira (&#8230;)<br \/>(Goethe, <a href=\"http:\/\/www.editions-bartillat.com\/fiche-livre.asp?Clef=75\">Voyage en Italie<\/a>, p.36-37, Bartillat<\/i>)<\/blockquote>\n\n<p>Ca se d\u00e9roulait le 14 septembre 1786&#8230; Je vous laisse d\u00e9couvrir la fa\u00e7on dont Goethe s&#8217;est tir\u00e9 de ce mauvais pas.<\/p>\n\n<p>Au fond, \u00e7a n&#8217;a pas \u00e9norm\u00e9ment chang\u00e9. Les appareils photos ont remplac\u00e9s le crayon et le papier. Les photographes ont pris la place des dessinateurs, mais c&#8217;est la m\u00eame m\u00e9fiance qui joue (bien que pour d&#8217;autres raisons) et c&#8217;est avec le m\u00eame sourire forc\u00e9 qu&#8217;on raconte ce genre d&#8217;aventure <i>\u00e0 nos amis<\/i>.<\/p>\n","protected":false},"excerpt":{"rendered":"<p>J&#8217;ai commenc\u00e9 ce soir son Voyage en Italie, et je tombe sur ce passage : J&#8217;\u00e9tais \u00e0 peine \u00e9tabli, que diverses personnes entr\u00e8rent dans la cour. Elles m&#8217;observent, elles vont et viennent; la foule augmente, puis elle demeure et finit &hellip; <a href=\"https:\/\/www.davidbosman.fr\/blog\/2008\/09\/16\/20080916625-goethe-et-le-droit-a-l-image\/\">Read more &rarr;<\/a><\/p>","protected":false},"author":2,"featured_media":0,"comment_status":"open","ping_status":"open","sticky":false,"template":"","format":"standard","meta":{"footnotes":""},"categories":[7],"tags":[22,4],"class_list":["post-5337","post","type-post","status-publish","format-standard","hentry","category-des-photos","tag-litterature","tag-societe"],"_links":{"self":[{"href":"https:\/\/www.davidbosman.fr\/blog\/wp-json\/wp\/v2\/posts\/5337","targetHints":{"allow":["GET"]}}],"collection":[{"href":"https:\/\/www.davidbosman.fr\/blog\/wp-json\/wp\/v2\/posts"}],"about":[{"href":"https:\/\/www.davidbosman.fr\/blog\/wp-json\/wp\/v2\/types\/post"}],"author":[{"embeddable":true,"href":"https:\/\/www.davidbosman.fr\/blog\/wp-json\/wp\/v2\/users\/2"}],"replies":[{"embeddable":true,"href":"https:\/\/www.davidbosman.fr\/blog\/wp-json\/wp\/v2\/comments?post=5337"}],"version-history":[{"count":2,"href":"https:\/\/www.davidbosman.fr\/blog\/wp-json\/wp\/v2\/posts\/5337\/revisions"}],"predecessor-version":[{"id":6454,"href":"https:\/\/www.davidbosman.fr\/blog\/wp-json\/wp\/v2\/posts\/5337\/revisions\/6454"}],"wp:attachment":[{"href":"https:\/\/www.davidbosman.fr\/blog\/wp-json\/wp\/v2\/media?parent=5337"}],"wp:term":[{"taxonomy":"category","embeddable":true,"href":"https:\/\/www.davidbosman.fr\/blog\/wp-json\/wp\/v2\/categories?post=5337"},{"taxonomy":"post_tag","embeddable":true,"href":"https:\/\/www.davidbosman.fr\/blog\/wp-json\/wp\/v2\/tags?post=5337"}],"curies":[{"name":"wp","href":"https:\/\/api.w.org\/{rel}","templated":true}]}}