{"id":5301,"date":"2008-05-07T20:27:23","date_gmt":"2008-05-07T20:27:23","guid":{"rendered":"http:\/\/davidbosman.fr\/blog\/2008\/05\/07\/20080507589-une-voix-qui-remonte-a-l-enfance\/"},"modified":"2010-03-27T23:38:47","modified_gmt":"2010-03-27T22:38:47","slug":"20080507589-une-voix-qui-remonte-a-l-enfance","status":"publish","type":"post","link":"https:\/\/www.davidbosman.fr\/blog\/2008\/05\/07\/20080507589-une-voix-qui-remonte-a-l-enfance\/","title":{"rendered":"Une voix qui remonte \u00e0 l&#8217;enfance"},"content":{"rendered":"<p>Un peu par hasard, je viens de r\u00e9aliser que <a href=\"http:\/\/davidbosman.fr\/index.php\/2006\/09\/13\/421-une-voix-que-j-aimerais-photographier\">ce n&#8217;est pas la premi\u00e8re fois que je r\u00e9agis \u00e0 une voix au point, presque 8-), de me r\u00eaver des RDV secrets<\/a><\/p>\n\n<p><object width=\"425\" height=\"355\"><param name=\"movie\" value=\"http:\/\/www.youtube.com\/v\/YK3NMvAs0N8&#038;hl=fr\"><\/param><param name=\"wmode\" value=\"transparent\"><\/param><embed src=\"http:\/\/www.youtube.com\/v\/YK3NMvAs0N8&#038;hl=fr\" type=\"application\/x-shockwave-flash\" wmode=\"transparent\" width=\"425\" height=\"355\"><\/embed><\/object><\/p>\n\n<p>Il y a peu de choses en commun entre le groupe &#8220;Lonah&#8221; et sa chanteuse et le g\u00e9n\u00e9rique de &#8220;L&#8217;\u00eele aux enfants&#8221;, <i>sauf mes oreilles et moi<\/i>. Quand j&#8217;\u00e9tais enfant, la voix de cette femme&nbsp;&mdash;&nbsp;celle de &#8220;<i>ce jardin n&#8217;est pas loin car il suffit d&#8217;un peu d&#8217;imagination pour que tout, tout pr\u00e8s de vous poussent ces fleurs, ces rires et ces chansons<\/i>&#8221;&nbsp;&mdash;&nbsp;je l&#8217;adorais ! Je ne sais pas si on peut dire que j&#8217;en \u00e9tais amoureux ou que je ruminais l&#8217;id\u00e9e d&#8217;un RDV. Mais j&#8217;\u00e9tais certainement ensorcel\u00e9 et sous le charme.<\/p>\n\n<p>Dire que j&#8217;avais compl\u00e8tement oubli\u00e9.<\/p>\n","protected":false},"excerpt":{"rendered":"<p>Un peu par hasard, je viens de r\u00e9aliser que ce n&#8217;est pas la premi\u00e8re fois que je r\u00e9agis \u00e0 une voix au point, presque 8-), de me r\u00eaver des RDV secrets Il y a peu de choses en commun entre &hellip; <a href=\"https:\/\/www.davidbosman.fr\/blog\/2008\/05\/07\/20080507589-une-voix-qui-remonte-a-l-enfance\/\">Read more &rarr;<\/a><\/p>","protected":false},"author":2,"featured_media":0,"comment_status":"open","ping_status":"open","sticky":false,"template":"","format":"standard","meta":{"footnotes":""},"categories":[1],"tags":[24],"class_list":["post-5301","post","type-post","status-publish","format-standard","hentry","category-general","tag-musique"],"_links":{"self":[{"href":"https:\/\/www.davidbosman.fr\/blog\/wp-json\/wp\/v2\/posts\/5301","targetHints":{"allow":["GET"]}}],"collection":[{"href":"https:\/\/www.davidbosman.fr\/blog\/wp-json\/wp\/v2\/posts"}],"about":[{"href":"https:\/\/www.davidbosman.fr\/blog\/wp-json\/wp\/v2\/types\/post"}],"author":[{"embeddable":true,"href":"https:\/\/www.davidbosman.fr\/blog\/wp-json\/wp\/v2\/users\/2"}],"replies":[{"embeddable":true,"href":"https:\/\/www.davidbosman.fr\/blog\/wp-json\/wp\/v2\/comments?post=5301"}],"version-history":[{"count":1,"href":"https:\/\/www.davidbosman.fr\/blog\/wp-json\/wp\/v2\/posts\/5301\/revisions"}],"predecessor-version":[{"id":6411,"href":"https:\/\/www.davidbosman.fr\/blog\/wp-json\/wp\/v2\/posts\/5301\/revisions\/6411"}],"wp:attachment":[{"href":"https:\/\/www.davidbosman.fr\/blog\/wp-json\/wp\/v2\/media?parent=5301"}],"wp:term":[{"taxonomy":"category","embeddable":true,"href":"https:\/\/www.davidbosman.fr\/blog\/wp-json\/wp\/v2\/categories?post=5301"},{"taxonomy":"post_tag","embeddable":true,"href":"https:\/\/www.davidbosman.fr\/blog\/wp-json\/wp\/v2\/tags?post=5301"}],"curies":[{"name":"wp","href":"https:\/\/api.w.org\/{rel}","templated":true}]}}