{"id":5297,"date":"2008-04-25T20:39:22","date_gmt":"2008-04-25T20:39:22","guid":{"rendered":"http:\/\/davidbosman.fr\/blog\/2008\/04\/25\/20080425585-cartes-transcend-de-m-il-y-a-de-l-embauche-dans-l-air\/"},"modified":"2010-03-27T23:38:46","modified_gmt":"2010-03-27T22:38:46","slug":"20080425585-cartes-transcend-de-m-il-y-a-de-l-embauche-dans-l-air","status":"publish","type":"post","link":"https:\/\/www.davidbosman.fr\/blog\/2008\/04\/25\/20080425585-cartes-transcend-de-m-il-y-a-de-l-embauche-dans-l-air\/","title":{"rendered":"Cartes Transcend de m**** + il y a de l&#8217;embauche dans l&#8217;air"},"content":{"rendered":"<p>Je lui taillerais bien les oreilles en pointes \u00e0 Mr Transcend. La SD card de 1Go que j&#8217;utilise sur l&#8217;Epson RD1s ne marche plus. Enfin, elle refuse de monter sur le Mac: elle monte encore, mais hyper-lentement, sous Windows. Peu importe si je la reformate, j&#8217;ai tout essay\u00e9: z\u00e9ro, nada, rien. Salet\u00e9 de cochonnerie de %$*!#@ de carte !<\/p>\n\n<p>Du calme. J&#8217;aime tout le monde.<\/p>\n\n<p>N&#8217;emp\u00eache, apr\u00e8s une s\u00e9rie de CF il y a quelques ann\u00e9es, qui \u00e9taient toutes mortes en quelques mois, \u00e7a devient lourd. C&#8217;est fini, <u>plus jamais Transcend<\/u>. Quand je pense que des SanDisk bien plus \u00e2g\u00e9es fonctionnent encore \u00e0 merveille&#8230; <\/p>\n\n<p>Accessoirement, sans surprise mais avec une petite pointe d&#8217;amertume, je note que iPhoto ne peut pas lire les raw de l&#8217;Epson RD1s. Tant pis pour une reprise tout en douceur et en simplicit\u00e9 sur le Mac: Bridge est 100% compatible (Adobe, je t&#8217;aime !) et, dans le pire des cas, je peux remettre en route le module de conversion DNG (Adobe, je re-t&#8217;aime !)<\/p>\n\n<div align=\"center\"><img decoding=\"async\" src=\"http:\/\/davidbosman.fr\/images\/zen.png\" alt\"zen\" style=\"border:0px;\" \/><\/div>\n\n<p><i>Ouep, j&#8217;ai ressorti le RD1<\/i> et il m&#8217;a accueilli \u00e0 bras ouverts, sans la moindre rancune. Quel plaisir de re-d\u00e9couvrir cet appareil unique. M\u00eame ses d\u00e9fauts le rendent attachant (peut-\u00eatre pas <i>tous<\/i> ses d\u00e9fauts). Juste pour pas susciter trop d&#8217;espoir du c\u00f4t\u00e9 des 2 ou 3 personnes qui ont la gentillesse de bien aimer mes photos : je l&#8217;ai ressorti mais je ne pense pas vraiment l&#8217;utiliser pour le moment, c&#8217;est plus de la r\u00e9\u00e9ducation. Il y a une chose prioritaire \u00e0 r\u00e9gler d&#8217;abord:<\/p>\n\n<p>J&#8217;ai d\u00e9cid\u00e9 de ne plus bosser comme un fou, et pas dans 36 lunes.<\/p>\n\n<p>Sachant que le patron, de son c\u00f4t\u00e9, r\u00eave de plus en plus fort de magazines qui sortiraient sans retard (je peux le comprendre 8)), il va donc y avoir de s\u00e9rieux changements.<\/p>\n\n<p>C&#8217;est le moment de pr\u00e9parer vos CV si vous avez envie de bosser avec nous. Pour m\u00e9moire, je m&#8217;occupe de trois publications: Micro, Photo et Mac, les comp\u00e9tences que l&#8217;on pourrait rechercher sont donc assez vari\u00e9es, et pas seulement au niveau r\u00e9dactionnel. Si vous \u00eates int\u00e9ress\u00e9, contactez-moi par <a href=\"mailto:david.bosman@competencemac.com\">mon adresse pro uniquement<\/a>, merci.<\/p>\n\n<p>Pour le moment ma question est bien plus terre \u00e0 terre: o\u00f9 trouver des cartes SD lisibles par l&#8217;Epson ? Je doute qu&#8217;il soit compatible avec les nouvelles gammes, bien trop performantes pour lui. Et c&#8217;est pas avec une seule carte de 1go (SanDisk, toi aussi je t&#8217;aime !) que je vais me sentir \u00e0 l&#8217;aise pour sortir photographier d&#8217;ici&#8230; dans pas longtemps 8)<\/p>\n","protected":false},"excerpt":{"rendered":"<p>Je lui taillerais bien les oreilles en pointes \u00e0 Mr Transcend. La SD card de 1Go que j&#8217;utilise sur l&#8217;Epson RD1s ne marche plus. Enfin, elle refuse de monter sur le Mac: elle monte encore, mais hyper-lentement, sous Windows. Peu &hellip; <a href=\"https:\/\/www.davidbosman.fr\/blog\/2008\/04\/25\/20080425585-cartes-transcend-de-m-il-y-a-de-l-embauche-dans-l-air\/\">Read more &rarr;<\/a><\/p>","protected":false},"author":2,"featured_media":0,"comment_status":"open","ping_status":"open","sticky":false,"template":"","format":"standard","meta":{"footnotes":""},"categories":[1],"tags":[],"class_list":["post-5297","post","type-post","status-publish","format-standard","hentry","category-general"],"_links":{"self":[{"href":"https:\/\/www.davidbosman.fr\/blog\/wp-json\/wp\/v2\/posts\/5297","targetHints":{"allow":["GET"]}}],"collection":[{"href":"https:\/\/www.davidbosman.fr\/blog\/wp-json\/wp\/v2\/posts"}],"about":[{"href":"https:\/\/www.davidbosman.fr\/blog\/wp-json\/wp\/v2\/types\/post"}],"author":[{"embeddable":true,"href":"https:\/\/www.davidbosman.fr\/blog\/wp-json\/wp\/v2\/users\/2"}],"replies":[{"embeddable":true,"href":"https:\/\/www.davidbosman.fr\/blog\/wp-json\/wp\/v2\/comments?post=5297"}],"version-history":[{"count":1,"href":"https:\/\/www.davidbosman.fr\/blog\/wp-json\/wp\/v2\/posts\/5297\/revisions"}],"predecessor-version":[{"id":6407,"href":"https:\/\/www.davidbosman.fr\/blog\/wp-json\/wp\/v2\/posts\/5297\/revisions\/6407"}],"wp:attachment":[{"href":"https:\/\/www.davidbosman.fr\/blog\/wp-json\/wp\/v2\/media?parent=5297"}],"wp:term":[{"taxonomy":"category","embeddable":true,"href":"https:\/\/www.davidbosman.fr\/blog\/wp-json\/wp\/v2\/categories?post=5297"},{"taxonomy":"post_tag","embeddable":true,"href":"https:\/\/www.davidbosman.fr\/blog\/wp-json\/wp\/v2\/tags?post=5297"}],"curies":[{"name":"wp","href":"https:\/\/api.w.org\/{rel}","templated":true}]}}