{"id":5258,"date":"2008-02-28T12:12:35","date_gmt":"2008-02-28T12:12:35","guid":{"rendered":"http:\/\/davidbosman.fr\/blog\/2008\/02\/28\/20080228546-l-adam-de-l-amer\/"},"modified":"2010-03-27T23:38:26","modified_gmt":"2010-03-27T22:38:26","slug":"20080228546-l-adam-de-l-amer","status":"publish","type":"post","link":"https:\/\/www.davidbosman.fr\/blog\/2008\/02\/28\/20080228546-l-adam-de-l-amer\/","title":{"rendered":"L&#8217;Adam de l&#8217;amer"},"content":{"rendered":"<p>On est une belle race: avec de jolies teintes de peau qui vont du blanc au noir. Des tas d&#8217;id\u00e9es, de la po\u00e9sie plein les yeux et la t\u00eate, de l&#8217;amour \u00e0 revendre (et de la haine, aussi). Si je ne l&#8217;\u00e9tais pas d\u00e9j\u00e0, certains jours je r\u00eaverais d&#8217;\u00eatre l&#8217;arri\u00e8re<sup>(&infin;)<\/sup>-petit fils de Adam et Eve.<\/p>\n\n<p>Mais on est aussi de sacr\u00e9es saloperies ! Plus m\u00e9chants et plus cons qu&#8217;une belle-m\u00e8re qui aurait enferm\u00e9 son gendre abhorr\u00e9 dans le four \u00e0 micro-onde qu&#8217;elle s&#8217;appr\u00eate \u00e0 allumer. Du coup, je suis moins heureux d&#8217;\u00eatre l&#8217;arri\u00e8re<sup>(&infin;)<\/sup>-petit fils de Adam et Eve.<\/p>\n\n<p>J&#8217;ai commenc\u00e9 la lecture de <a href=\"http:\/\/viesurterre.com\/\" hreflang=\"fr\">Le jour o\u00f9 l&#8217;abeille dispara\u00eetra<\/a>, un essai de Jean-Christophe Vi\u00e9 sur l&#8217;\u00e9tat de la <s>biodiversit\u00e9<\/s> nature, et \u00e7a n&#8217;est pas r\u00e9jouissant.<\/p>\n\n<p>Je dois confesser deux choses. D&#8217;abord, je ne me suis jamais int\u00e9ress\u00e9 de sp\u00e9cialement pr\u00e8s \u00e0 la nature: j&#8217;aime bien les papillons, mais j&#8217;en vois moins que durant mon enfance. J&#8217;aime les arbres (\u00e0 la folie! Sans rire, j&#8217;ai du \u00eatre une mousse sur un tronc dans une vie ant\u00e9rieure, et gare au premier qui dit que je suis un gland dans cette vie-ci !) et j&#8217;aime la mer (c&#8217;est ma pile, mon chargeur). Ensuite, comme tout le monde j&#8217;imagine, je me dis que c&#8217;est tr\u00e8s con de polluer la plan\u00e8te et que \u00e7a finira par se payer. Mais \u00e0 part baisser le radiateur, consommer un peu moins de flotte, \u00e9teindre les ampoules (basse consommation), et revendre la voiture (enfin, Sandra a revendu sa voiture, moi j&#8217;ai pas de permis), c&#8217;est une pens\u00e9e qui ne se traduit pas en actes.<\/p>\n\n<p>Le bouquin tourne autour d&#8217;une id\u00e9e forte: la nature s&#8217;appauvrit (moins d&#8217;esp\u00e8ces vivantes, une nature moins sauvage et appauvrie par les choix que nous faisons et la pollution que nous cr\u00e9ons) et, selon l&#8217;auteur, c&#8217;est un sacr\u00e9 probl\u00e8me&#8230; pour nous. Les d\u00e9g\u00e2ts sont tr\u00e8s importants, mais ce n&#8217;est pas encore d\u00e9sesp\u00e9r\u00e9&nbsp;&mdash;&nbsp;en clair: le bateau coule, mais on ne va pas commencer \u00e0 hurler en agitant les bras, ou se pi\u00e9tiner pour atteindre un canot de sauvetage qui n&#8217;existe de toute fa\u00e7on pas. Essayons plut\u00f4t de colmater la br\u00e8che. <\/p>\n\n<p>Le bouquin n&#8217;est pas &#8220;neutre&#8221;, c&#8217;est pas une th\u00e8se, chaque page est une d\u00e9claration d&#8217;amour \u00e0 la nature (et on se dit aussi qu&#8217;il vaut mieux pour certaines personnes que l&#8217;auteur ait choisi le stylo plut\u00f4t que le bazooka pour s&#8217;exprimer). Mais il y a quelques chiffres et quelques explications un peu plus techniques qui font r\u00e9fl\u00e9chir (m\u00eame une buse de mon esp\u00e8ce). Par exemple&nbsp;&mdash;&nbsp;et ce n&#8217;est qu&#8217;un exemple. Dans certaines pages chaque phrase est une claque, ou un coup de pied dans la figure&nbsp;&mdash;&nbsp;il y a \u00e7a:<\/p>\n\n<blockquote>Pour alimenter le march\u00e9 des ailerons (de requins) et ne pas s&#8217;encombrer de carcasses inutiles, une pratique inqualifiable a cours: le <i>finning<\/i>. Captur\u00e9s, les requins sont rapidement amput\u00e9s de leurs ailerons, moins de 5 pour cent du poids total de leur corps, et rejet\u00e9s  la mer, parfois encore vivants, o\u00f9 ils p\u00e9rissent lamentablement.&#8221;<br \/>(p131)<br \/><\/blockquote>\n\n<p>Un peu plus loin on apprend que dans telle partie de tel oc\u00e9an 89% des requins de telle et telle esp\u00e8ces ont disparu&nbsp;&mdash;&nbsp;<em>so long Jaws<\/em>. Et ce n&#8217;est que le petit chapitre consacr\u00e9 aux requins, le reste des petites b\u00eates qui font des vagues sous l&#8217;eau ne semble pas beaucoup mieux loti. Ca n&#8217;est gu\u00e8re plus r\u00e9jouissant pour les petites b\u00eates qui grimpents aux arbres, qui courent \u00e0 gauche et \u00e0 droite ou qui rampent ici et l\u00e0. M\u00eame les escargots ont du souci \u00e0 se faire.<\/p>\n\n<p>Toutes, elles sont toutes si&#8230; mal trait\u00e9es. Mati\u00e8re premi\u00e8re dont la &#8220;vie&#8221;, le fait que ce sont des \u00eatres vivants, ne serait qu&#8217;un accident, une nuisance que l&#8217;on doit bien supporter.<\/p>\n\n<p>Comment esp\u00e9rer une soci\u00e9t\u00e9 plus juste&nbsp;&mdash;&nbsp;pour nous-m\u00eame&nbsp;&mdash;&nbsp;si on ne voit pas le mal dans cette fa\u00e7on de &#8220;r\u00e9colter&#8221; la nourriture que l&#8217;on consomme ? On est pas mieux que les cow-boys qui flinguaient les bisons \u00e0 tour de bras (les m\u00eames qui ont massacr\u00e9 les tribus indiennes ?). On est pire: on sait que c&#8217;est une tr\u00e8s mauvaise id\u00e9e et on le fait quand m\u00eame.<\/p>\n\n<p>Lisez ce bouquin (je ne l&#8217;ai pas termin\u00e9, et n&#8217;ai m\u00eame pas bien r\u00e9sum\u00e9 de que j&#8217;ai lu). Je ne sais pas si \u00e7a changera quoi que ce soit de le lire, en fait. Evidemment non, mais <em>au moins<\/em> savoir un peu mieux ce qui se passe, c&#8217;est d\u00e9j\u00e0 quelque chose.<\/p>\n","protected":false},"excerpt":{"rendered":"<p>On est une belle race: avec de jolies teintes de peau qui vont du blanc au noir. Des tas d&#8217;id\u00e9es, de la po\u00e9sie plein les yeux et la t\u00eate, de l&#8217;amour \u00e0 revendre (et de la haine, aussi). Si je &hellip; <a href=\"https:\/\/www.davidbosman.fr\/blog\/2008\/02\/28\/20080228546-l-adam-de-l-amer\/\">Read more &rarr;<\/a><\/p>","protected":false},"author":2,"featured_media":0,"comment_status":"open","ping_status":"open","sticky":false,"template":"","format":"standard","meta":{"footnotes":""},"categories":[7],"tags":[4],"class_list":["post-5258","post","type-post","status-publish","format-standard","hentry","category-des-photos","tag-societe"],"_links":{"self":[{"href":"https:\/\/www.davidbosman.fr\/blog\/wp-json\/wp\/v2\/posts\/5258","targetHints":{"allow":["GET"]}}],"collection":[{"href":"https:\/\/www.davidbosman.fr\/blog\/wp-json\/wp\/v2\/posts"}],"about":[{"href":"https:\/\/www.davidbosman.fr\/blog\/wp-json\/wp\/v2\/types\/post"}],"author":[{"embeddable":true,"href":"https:\/\/www.davidbosman.fr\/blog\/wp-json\/wp\/v2\/users\/2"}],"replies":[{"embeddable":true,"href":"https:\/\/www.davidbosman.fr\/blog\/wp-json\/wp\/v2\/comments?post=5258"}],"version-history":[{"count":1,"href":"https:\/\/www.davidbosman.fr\/blog\/wp-json\/wp\/v2\/posts\/5258\/revisions"}],"predecessor-version":[{"id":6368,"href":"https:\/\/www.davidbosman.fr\/blog\/wp-json\/wp\/v2\/posts\/5258\/revisions\/6368"}],"wp:attachment":[{"href":"https:\/\/www.davidbosman.fr\/blog\/wp-json\/wp\/v2\/media?parent=5258"}],"wp:term":[{"taxonomy":"category","embeddable":true,"href":"https:\/\/www.davidbosman.fr\/blog\/wp-json\/wp\/v2\/categories?post=5258"},{"taxonomy":"post_tag","embeddable":true,"href":"https:\/\/www.davidbosman.fr\/blog\/wp-json\/wp\/v2\/tags?post=5258"}],"curies":[{"name":"wp","href":"https:\/\/api.w.org\/{rel}","templated":true}]}}