{"id":5150,"date":"2006-10-31T23:37:57","date_gmt":"2006-10-31T23:37:57","guid":{"rendered":"http:\/\/davidbosman.fr\/blog\/2006\/10\/31\/20061031438-internatonale-syndicale-amen\/"},"modified":"2010-03-27T23:37:49","modified_gmt":"2010-03-27T22:37:49","slug":"20061031438-internatonale-syndicale-amen","status":"publish","type":"post","link":"https:\/\/www.davidbosman.fr\/blog\/2006\/10\/31\/20061031438-internatonale-syndicale-amen\/","title":{"rendered":"Internatonale syndicale? Amen !"},"content":{"rendered":"<p>Si j&#8217;ose dire \ud83d\ude09<\/p>\n\n<blockquote> L&#8217;\u00e9v\u00e9nement qui va se produire le 1er novembre dans la capitale autrichienne est in\u00e9dit. Le syndicalisme international va r\u00e9unir un congr\u00e8s qui constituera la plus grande r\u00e9union syndicale de tous les temps. Plus de 330 organisations, venues de tous les continents et revendiquant 167 millions de syndiqu\u00e9s, vont cr\u00e9er la Conf\u00e9d\u00e9ration syndicale internationale (CSI). Alors que la faiblesse du syndicalisme est plan\u00e9taire &#8211; le taux de syndicalisation au niveau mondial tourne autour de 10 % -, le but est de redonner force et visibilit\u00e9 \u00e0 une internationale syndicale pour lui permettre de parler d&#8217;\u00e9gale \u00e0 \u00e9gale avec les multinationales et les organisations internationales de &#8220;r\u00e9gulation&#8221;. <\/blockquote>\n\n<p>Lire la suite sur <a href=\"http:\/\/www.lemonde.fr\/web\/article\/0,1-0@2-3220,36-829009,0.html?xtor=RSS-3208\">Le Monde<\/a>.<\/p>\n","protected":false},"excerpt":{"rendered":"<p>Si j&#8217;ose dire \ud83d\ude09 L&#8217;\u00e9v\u00e9nement qui va se produire le 1er novembre dans la capitale autrichienne est in\u00e9dit. Le syndicalisme international va r\u00e9unir un congr\u00e8s qui constituera la plus grande r\u00e9union syndicale de tous les temps. Plus de 330 organisations, &hellip; <a href=\"https:\/\/www.davidbosman.fr\/blog\/2006\/10\/31\/20061031438-internatonale-syndicale-amen\/\">Read more &rarr;<\/a><\/p>","protected":false},"author":2,"featured_media":0,"comment_status":"open","ping_status":"open","sticky":false,"template":"","format":"standard","meta":{"footnotes":""},"categories":[1],"tags":[],"class_list":["post-5150","post","type-post","status-publish","format-standard","hentry","category-general"],"_links":{"self":[{"href":"https:\/\/www.davidbosman.fr\/blog\/wp-json\/wp\/v2\/posts\/5150","targetHints":{"allow":["GET"]}}],"collection":[{"href":"https:\/\/www.davidbosman.fr\/blog\/wp-json\/wp\/v2\/posts"}],"about":[{"href":"https:\/\/www.davidbosman.fr\/blog\/wp-json\/wp\/v2\/types\/post"}],"author":[{"embeddable":true,"href":"https:\/\/www.davidbosman.fr\/blog\/wp-json\/wp\/v2\/users\/2"}],"replies":[{"embeddable":true,"href":"https:\/\/www.davidbosman.fr\/blog\/wp-json\/wp\/v2\/comments?post=5150"}],"version-history":[{"count":1,"href":"https:\/\/www.davidbosman.fr\/blog\/wp-json\/wp\/v2\/posts\/5150\/revisions"}],"predecessor-version":[{"id":6260,"href":"https:\/\/www.davidbosman.fr\/blog\/wp-json\/wp\/v2\/posts\/5150\/revisions\/6260"}],"wp:attachment":[{"href":"https:\/\/www.davidbosman.fr\/blog\/wp-json\/wp\/v2\/media?parent=5150"}],"wp:term":[{"taxonomy":"category","embeddable":true,"href":"https:\/\/www.davidbosman.fr\/blog\/wp-json\/wp\/v2\/categories?post=5150"},{"taxonomy":"post_tag","embeddable":true,"href":"https:\/\/www.davidbosman.fr\/blog\/wp-json\/wp\/v2\/tags?post=5150"}],"curies":[{"name":"wp","href":"https:\/\/api.w.org\/{rel}","templated":true}]}}