{"id":5141,"date":"2006-09-18T20:15:04","date_gmt":"2006-09-18T20:15:04","guid":{"rendered":"http:\/\/davidbosman.fr\/blog\/2006\/09\/18\/20060918427-le-droit-a-l-image-par-l-image\/"},"modified":"2010-03-27T23:37:47","modified_gmt":"2010-03-27T22:37:47","slug":"20060918427-le-droit-a-l-image-par-l-image","status":"publish","type":"post","link":"https:\/\/www.davidbosman.fr\/blog\/2006\/09\/18\/20060918427-le-droit-a-l-image-par-l-image\/","title":{"rendered":"Le droit \u00e0 l&#8217;image, par l&#8217;image"},"content":{"rendered":"<p><img decoding=\"async\" src=\"\/zeblog\/images\/060916-r-d1s-0mm-141326.jpg\" alt=\"\" \/><\/p>\n\n<p>Il ya quelques ann\u00e9es, le carr\u00e9 blanc \u00e9tait synonyme d&#8217;image \u00e9rotique ou pornographique, une image a ne pas mettre sous tous les yeux. Ce n&#8217;est \u00e9videmment pas le cas de cette image, alors pourquoi ? Pour respecter le droit \u00e0 l&#8217;image de ces deux charmantes dames&nbsp;&mdash;&nbsp;et des deux petits chiens.<\/p>\n\n<p>En fait, pour vraiment respecter <em>la n\u00e9buleuse<\/em> du droit \u00e0 l&#8217;image, des petits carr\u00e9s ne suffisent pas. Je devrais vous proposer quelque chose comme ceci :<\/p>\n\n<p><img decoding=\"async\" src=\"\/zeblog\/images\/060916-r-d1s-0mm-141326b.jpg\" alt=\"\" \/><\/p>\n\n<p>On a pas le droit de publier, sans autorisation \u00e9crite, l&#8217;image d&#8217;une personne ou de ses biens. Ca vaut pour n&#8217;importe quoi qui pourrait \u00eatre &#8220;reconnu&#8221;.<\/p>\n\n<p>Bien s\u00fbr, c&#8217;est une bonne chose de respecter la vie priv\u00e9e (en rue ?) des personnes ! Mais la m\u00e9thode choisie pour le faire revient \u00e0 vouloir tuer un moustique en b\u00e9tonnant tous les marais o\u00f9 il peut se reproduire.  Bref, je n&#8217;esp\u00e8re convaincre personne que, m\u00eame s&#8217;il y a de bonnes raisons de prot\u00e9ger le &#8220;droit \u00e0 l&#8217;image&#8221;, les moyens mis en oeuvre sont inapropri\u00e9s, disproportionn\u00e9s et nuisibles (si \u00e7a vous int\u00e9resse, vous trouverez dans les archives un ou deux billets o\u00f9 je parle de certaines ab\u00e9rations, cherchez &#8220;droit&#8221; ou &#8220;droit \u00e0 l&#8217;image&#8221;).<\/p>\n\n<p>J&#8217;ai juste deux remarques \u00e0 faire \u00e0 propos de la &#8220;censure&#8221; du droit \u00e0 l&#8217;image:<\/p>\n\n<ul> <li><p>Le carr\u00e9 blanc que j&#8217;ai utilis\u00e9 sur la premi\u00e8re photo, qui est souvent utilis\u00e9 pour masquer un visage dont on pas l&#8217;autorisation de publication, \u00e9tait il y a quelques ann\u00e9es l&#8217;avertissement d&#8217;un contenu pornographique. Utilis\u00e9 pour masquer un visage, c&#8217;\u00e9tait aussi le signe qu&#8217;on montrait quelque chose de d\u00e9gradant pour la personne photographi\u00e9e. <i>Vous \u00eates un acteur porno et votre vie est un film de cul ? Vous avez honte de vous-m\u00eame ?<\/i> Moi non \ud83d\ude09<\/p> <p>La pornographie, c&#8217;est un business qui traite le corps comme une marchandise, un bien de consommation (agiter vigoureusement <em>pendant<\/em> l&#8217;emploi). Je ne peux pas m&#8217;emp\u00eacher de penser que la censure-qui-ne-dit-pas-son-nom du &#8220;droit \u00e0 l&#8217;image&#8221; n&#8217;est que la g\u00e9n\u00e9ralisation de cette marchandisation du corps \u00e0 chacun d&#8217;entre nous, \u00e0 chaque instant de notre existence (\u00e0 la diff\u00e9rence des acteurs porno qui, eux, ne se r\u00e9signent \u00e0 \u00eatre trait\u00e9s en objets que le temps du film!).<\/p><\/li> <li><p>Dans le m\u00eame temps o\u00f9 nous cherchons \u00e0 pr\u00e9server notre image, notre pr\u00e9cieuse petite individualit\u00e9, d&#8217;une exploitation quelconque (syndrome du paparazzi voleur d&#8217;images intimes, ou peur qu&#8217;un &#8216;vrai&#8217; photographe puisse faire fortune en vendant un joli clich\u00e9 de notre petite tronche ou de notre pot de g\u00e9ranium); pendant ce temps, disais-je, la plupart d&#8217;entre nous payons cher pour la recouvrir, notre petite personne, de v\u00eatements dont la qualit\u00e9 premi\u00e8re n&#8217;est plus de v\u00eatir et de prot\u00e9ger le corps, mais d&#8217;arborer telle ou telle marque, ou de se r\u00e9f\u00e9rer \u00e0 telle ou telle &#8220;tendance&#8221;: d&#8217;\u00eatre eux-m\u00eame porteur d&#8217;une image&#8230;<\/p> <p>Sommes-nous autre chose que des hommes ou des femmes sandwiches, et de bien b\u00eates en plus : au lieu d&#8217;\u00eatre pay\u00e9s pour faire la pub des marques, nous les payons.<\/p><\/li> <\/ul>\n\n<p>Notre peur de la photo, une peur panique ou col\u00e9rique, tr\u00e8s souvent, elle me fait penser \u00e0 ce que racontent les explorateurs qui ont photographi\u00e9s certaines tribus &#8220;primitives&#8221; : leur peur d&#8217;\u00eatre photographi\u00e9, la peur que la photo vole leur \u00e2me en capturant leur image. Nous ne sommes pas primitifs, c&#8217;est vrai : la diff\u00e9rence c&#8217;est, peut-\u00eatre, que lorsqu&#8217;on nous photographie nous r\u00e9alisons qu&#8217;on a plus d&#8217;\u00e2me \u00e0 se faire voler, nous l&#8217;avons d\u00e9j\u00e0 vendue. <em>Image qui bouge<\/em>.<\/p>\n\n<p>C&#8217;est rien, juste un coup de blues. A part \u00e7a, il para\u00eet qu&#8217;on va avoir le hyper-mega-haut-d\u00e9bit \u00e0 Paris, chouette.<\/p>\n","protected":false},"excerpt":{"rendered":"<p>Il ya quelques ann\u00e9es, le carr\u00e9 blanc \u00e9tait synonyme d&#8217;image \u00e9rotique ou pornographique, une image a ne pas mettre sous tous les yeux. Ce n&#8217;est \u00e9videmment pas le cas de cette image, alors pourquoi ? Pour respecter le droit \u00e0 &hellip; <a href=\"https:\/\/www.davidbosman.fr\/blog\/2006\/09\/18\/20060918427-le-droit-a-l-image-par-l-image\/\">Read more &rarr;<\/a><\/p>","protected":false},"author":2,"featured_media":0,"comment_status":"open","ping_status":"open","sticky":false,"template":"","format":"standard","meta":{"footnotes":""},"categories":[7],"tags":[],"class_list":["post-5141","post","type-post","status-publish","format-standard","hentry","category-des-photos"],"_links":{"self":[{"href":"https:\/\/www.davidbosman.fr\/blog\/wp-json\/wp\/v2\/posts\/5141","targetHints":{"allow":["GET"]}}],"collection":[{"href":"https:\/\/www.davidbosman.fr\/blog\/wp-json\/wp\/v2\/posts"}],"about":[{"href":"https:\/\/www.davidbosman.fr\/blog\/wp-json\/wp\/v2\/types\/post"}],"author":[{"embeddable":true,"href":"https:\/\/www.davidbosman.fr\/blog\/wp-json\/wp\/v2\/users\/2"}],"replies":[{"embeddable":true,"href":"https:\/\/www.davidbosman.fr\/blog\/wp-json\/wp\/v2\/comments?post=5141"}],"version-history":[{"count":1,"href":"https:\/\/www.davidbosman.fr\/blog\/wp-json\/wp\/v2\/posts\/5141\/revisions"}],"predecessor-version":[{"id":6251,"href":"https:\/\/www.davidbosman.fr\/blog\/wp-json\/wp\/v2\/posts\/5141\/revisions\/6251"}],"wp:attachment":[{"href":"https:\/\/www.davidbosman.fr\/blog\/wp-json\/wp\/v2\/media?parent=5141"}],"wp:term":[{"taxonomy":"category","embeddable":true,"href":"https:\/\/www.davidbosman.fr\/blog\/wp-json\/wp\/v2\/categories?post=5141"},{"taxonomy":"post_tag","embeddable":true,"href":"https:\/\/www.davidbosman.fr\/blog\/wp-json\/wp\/v2\/tags?post=5141"}],"curies":[{"name":"wp","href":"https:\/\/api.w.org\/{rel}","templated":true}]}}