{"id":5121,"date":"2006-08-29T17:27:01","date_gmt":"2006-08-29T17:27:01","guid":{"rendered":"http:\/\/davidbosman.fr\/blog\/2006\/08\/29\/20060829407-les-parapluies\/"},"modified":"2010-03-27T23:37:44","modified_gmt":"2010-03-27T22:37:44","slug":"20060829407-les-parapluies","status":"publish","type":"post","link":"https:\/\/www.davidbosman.fr\/blog\/2006\/08\/29\/20060829407-les-parapluies\/","title":{"rendered":"Les parapluies"},"content":{"rendered":"<p><img decoding=\"async\" src=\"\/zeblog\/images\/20060829-D200-24mm-122042.jpg\" alt=\"\" \/><\/p>\n\n<p>&#8211; Bonjour monsieur. Je peux savoir ce que vous photographiez comme \u00e7a ? Pourquoi vous photographiez tous les clients ?<\/p>\n\n<p>&#8211; Bonjour. Je photographie les parapluies.<\/p>\n\n<p>&#8211; Les parapluies&#8230; ?<\/p>\n\n<p>&#8211; Il pleut, il y a des parapluies. C&#8217;est joli. Vous voulez voir ?<\/p>\n\n<p>&#8211; Non ! me r\u00e9pond-elle en rentrant dans sa loge. Je ne peux pas (d)\u00e9crire le haussement d&#8217;\u00e9paule, ni son air sinc\u00e8rement d\u00e9sol\u00e9 pour moi, de cette aimable (vraiment) gardienne qui, d&#8217;un coup, ne voyait plus aucune raison de s&#8217;inqui\u00e9ter de mes agissements photographiques tout \u00e0 c\u00f4t\u00e9 de ses &#8220;clients&#8221;, les visiteurs du P\u00e8re Lachaise \ud83d\ude42<\/p>\n\n<div align=\"center\">* * *<\/div>\n\n<p>Pourquoi faut-il que la photographie soit <em>a priori<\/em> suspecte d&#8217;une mauvaise intention ?<\/p>\n","protected":false},"excerpt":{"rendered":"<p>&#8211; Bonjour monsieur. Je peux savoir ce que vous photographiez comme \u00e7a ? Pourquoi vous photographiez tous les clients ? &#8211; Bonjour. Je photographie les parapluies. &#8211; Les parapluies&#8230; ? &#8211; Il pleut, il y a des parapluies. C&#8217;est joli. &hellip; <a href=\"https:\/\/www.davidbosman.fr\/blog\/2006\/08\/29\/20060829407-les-parapluies\/\">Read more &rarr;<\/a><\/p>","protected":false},"author":2,"featured_media":0,"comment_status":"open","ping_status":"open","sticky":false,"template":"","format":"standard","meta":{"footnotes":""},"categories":[7],"tags":[],"class_list":["post-5121","post","type-post","status-publish","format-standard","hentry","category-des-photos"],"_links":{"self":[{"href":"https:\/\/www.davidbosman.fr\/blog\/wp-json\/wp\/v2\/posts\/5121","targetHints":{"allow":["GET"]}}],"collection":[{"href":"https:\/\/www.davidbosman.fr\/blog\/wp-json\/wp\/v2\/posts"}],"about":[{"href":"https:\/\/www.davidbosman.fr\/blog\/wp-json\/wp\/v2\/types\/post"}],"author":[{"embeddable":true,"href":"https:\/\/www.davidbosman.fr\/blog\/wp-json\/wp\/v2\/users\/2"}],"replies":[{"embeddable":true,"href":"https:\/\/www.davidbosman.fr\/blog\/wp-json\/wp\/v2\/comments?post=5121"}],"version-history":[{"count":1,"href":"https:\/\/www.davidbosman.fr\/blog\/wp-json\/wp\/v2\/posts\/5121\/revisions"}],"predecessor-version":[{"id":6231,"href":"https:\/\/www.davidbosman.fr\/blog\/wp-json\/wp\/v2\/posts\/5121\/revisions\/6231"}],"wp:attachment":[{"href":"https:\/\/www.davidbosman.fr\/blog\/wp-json\/wp\/v2\/media?parent=5121"}],"wp:term":[{"taxonomy":"category","embeddable":true,"href":"https:\/\/www.davidbosman.fr\/blog\/wp-json\/wp\/v2\/categories?post=5121"},{"taxonomy":"post_tag","embeddable":true,"href":"https:\/\/www.davidbosman.fr\/blog\/wp-json\/wp\/v2\/tags?post=5121"}],"curies":[{"name":"wp","href":"https:\/\/api.w.org\/{rel}","templated":true}]}}