{"id":5120,"date":"2006-08-28T20:41:31","date_gmt":"2006-08-28T20:41:31","guid":{"rendered":"http:\/\/davidbosman.fr\/blog\/2006\/08\/28\/20060828406-pere-lachaise\/"},"modified":"2010-03-27T23:37:43","modified_gmt":"2010-03-27T22:37:43","slug":"20060828406-pere-lachaise","status":"publish","type":"post","link":"https:\/\/www.davidbosman.fr\/blog\/2006\/08\/28\/20060828406-pere-lachaise\/","title":{"rendered":"P\u00e8re Lachaise"},"content":{"rendered":"<p>J&#8217;ai pass\u00e9 une bonne partie de la journ\u00e9e sous la pluie, \u00e0 d\u00e9ambuler au P\u00e8re Lachaise, tremp\u00e9 sous ma casquette et mon blouson (le D200, lui, n&#8217;a pas bronch\u00e9 malgr\u00e9 ce qu&#8217;il s&#8217;est prit comme eau. Peut-\u00eatre bien le bo\u00eetier id\u00e9al).<\/p>\n\n<p>J&#8217;avais d\u00e9j\u00e0 visit\u00e9 une fois le cim\u00e9ti\u00e8re il y a 5 ans, sans vraiment accrocher : de l&#8217;herbe, des arbres, des chemins caboss\u00e9s et, bien s\u00fbr, des tombes partout et des touristes. J&#8217;y suis pass\u00e9 la semaine derni\u00e8re, presque par hasard, et \u00e7a a \u00e9t\u00e9 le coup de foudre. Si on est en droit d&#8217;avoir le b\u00e9guin pour ce genre de lieu assez particulier. J&#8217;y suis, depuis, retourn\u00e9 plussieurs fois.<\/p>\n\n<p>Ce matin, j&#8217;ai voulu le voir sous la pluie. Je ne le regrette pas.<\/p>\n\n<p><img decoding=\"async\" src=\"\/zeblog\/images\/20060828-D200-55mm-095948.jpg\" alt=\"Des herbes folles au cimeti\u00e8re du P\u00e8re Lachaise, Paris le 28 ao\u00fbt 2006\" \/><\/p>\n\n<p>J&#8217;ai pas mal de photos (pour la premi\u00e8re fois, je n&#8217;ai pas eu assez de cartes m\u00e9moires !). J&#8217;en metrai peut-\u00eatre d&#8217;autres en ligne&#8230; Celle-ci me pla\u00eet beaucoup, m\u00eame si ce n&#8217;est pas vraiment l&#8217;image traditionnelle du P\u00e8re Lachaise.<\/p>\n\n<p><img decoding=\"async\" src=\"\/zeblog\/images\/20060828-D200-55mm-092132.jpg\" alt=\"Statue de jeune fille ? P\u00e8re Lachaise, Paris, 28 ao\u00fbt 2006\" \/><\/p>\n\n<p>Une derni\u00e8re, pour finir.<\/p>\n","protected":false},"excerpt":{"rendered":"<p>J&#8217;ai pass\u00e9 une bonne partie de la journ\u00e9e sous la pluie, \u00e0 d\u00e9ambuler au P\u00e8re Lachaise, tremp\u00e9 sous ma casquette et mon blouson (le D200, lui, n&#8217;a pas bronch\u00e9 malgr\u00e9 ce qu&#8217;il s&#8217;est prit comme eau. Peut-\u00eatre bien le bo\u00eetier &hellip; <a href=\"https:\/\/www.davidbosman.fr\/blog\/2006\/08\/28\/20060828406-pere-lachaise\/\">Read more &rarr;<\/a><\/p>","protected":false},"author":2,"featured_media":0,"comment_status":"open","ping_status":"open","sticky":false,"template":"","format":"standard","meta":{"footnotes":""},"categories":[7],"tags":[],"class_list":["post-5120","post","type-post","status-publish","format-standard","hentry","category-des-photos"],"_links":{"self":[{"href":"https:\/\/www.davidbosman.fr\/blog\/wp-json\/wp\/v2\/posts\/5120","targetHints":{"allow":["GET"]}}],"collection":[{"href":"https:\/\/www.davidbosman.fr\/blog\/wp-json\/wp\/v2\/posts"}],"about":[{"href":"https:\/\/www.davidbosman.fr\/blog\/wp-json\/wp\/v2\/types\/post"}],"author":[{"embeddable":true,"href":"https:\/\/www.davidbosman.fr\/blog\/wp-json\/wp\/v2\/users\/2"}],"replies":[{"embeddable":true,"href":"https:\/\/www.davidbosman.fr\/blog\/wp-json\/wp\/v2\/comments?post=5120"}],"version-history":[{"count":1,"href":"https:\/\/www.davidbosman.fr\/blog\/wp-json\/wp\/v2\/posts\/5120\/revisions"}],"predecessor-version":[{"id":6230,"href":"https:\/\/www.davidbosman.fr\/blog\/wp-json\/wp\/v2\/posts\/5120\/revisions\/6230"}],"wp:attachment":[{"href":"https:\/\/www.davidbosman.fr\/blog\/wp-json\/wp\/v2\/media?parent=5120"}],"wp:term":[{"taxonomy":"category","embeddable":true,"href":"https:\/\/www.davidbosman.fr\/blog\/wp-json\/wp\/v2\/categories?post=5120"},{"taxonomy":"post_tag","embeddable":true,"href":"https:\/\/www.davidbosman.fr\/blog\/wp-json\/wp\/v2\/tags?post=5120"}],"curies":[{"name":"wp","href":"https:\/\/api.w.org\/{rel}","templated":true}]}}