{"id":5116,"date":"2006-08-18T11:16:04","date_gmt":"2006-08-18T11:16:04","guid":{"rendered":"http:\/\/davidbosman.fr\/blog\/2006\/08\/18\/20060818402-rd1s-declencheur-comateux\/"},"modified":"2010-03-27T23:37:43","modified_gmt":"2010-03-27T22:37:43","slug":"20060818402-rd1s-declencheur-comateux","status":"publish","type":"post","link":"https:\/\/www.davidbosman.fr\/blog\/2006\/08\/18\/20060818402-rd1s-declencheur-comateux\/","title":{"rendered":"RD1s, d\u00e9clencheur comateux ?"},"content":{"rendered":"<p>Je l&#8217;ai signal\u00e9 plus t\u00f4t : lorsque j&#8217;appuye sur le d\u00e9clenceur tr\u00e8s doucement il lui arrive de ne pas &#8230; d\u00e9clencher. Ce qui est quand m\u00eame <strong>tr\u00e8s tr\u00e8s<\/strong> emmerdant pour un appareil photo. Je ne pas surveill\u00e9 \u00e7a de tr\u00e8s pr\u00e8s et encore moins syst\u00e9matiquement not\u00e9 quand \u00e7a se produisait, mais j&#8217;ai l&#8217;impression que le probl\u00e8me est li\u00e9 \u00e0 la mise en veille de l&#8217;appareil : pour le r\u00e9veiller de ce qui ressemble beaucoup \u00e0 un coma, je dois <em>parfois<\/em> appuyer 2 \u00e0 3 fois sur le d\u00e9clencheur avant qu&#8217;il veuille bien fonctionner. Parfois, il sort de veille du premier coup.<\/p>\n\n<p>Ca n&#8217;a l&#8217;air de rien, une poign\u00e9e de secondes perdues au grand maximum, mais ces 2 ou 3 pseudo-d\u00e9clencements ont plusieurs fois consomm\u00e9s tout le temps dont je disposai pour saisir une sc\u00e8ne.<\/p>\n\n<p>Reste \u00e0 voir si on peut emp\u00eacher le R-D1 d&#8217;entrer en veille ? Et l&#8217;impact que \u00e7a aurait sur les batteries&#8230;<\/p>\n\n<p><strong>Edit:<\/strong><\/p>\n\n<p>A priori, c&#8217;est &#8220;normal&#8221; (si si) que la premi\u00e8re pression sur le d\u00e9clencheur ne prenne pas la photo : elle sert \u00e0 le sortir <s>du coma<\/s> de veille. Reste \u00e0 voir pourquoi j&#8217;ai parfois besoin de 2 ou 3 pressions&#8230;<\/p>\n\n<p>Pour changer la dur\u00e9e avant la mise en veille : allumer le LCD -> Appuyer sur la touche <b>menu<\/b>. Aller dans le menu <b>Param\u00e8tres &#8211; > Config. de base ->  Temporiseur veille<\/b> et choisir la dur\u00e9e (20&#8242; maximum). Je vais le laisser sur ce r\u00e9glage quelques jours, histoire de voir l&#8217;impact sur l&#8217;autonomie.<\/p>\n","protected":false},"excerpt":{"rendered":"<p>Je l&#8217;ai signal\u00e9 plus t\u00f4t : lorsque j&#8217;appuye sur le d\u00e9clenceur tr\u00e8s doucement il lui arrive de ne pas &#8230; d\u00e9clencher. Ce qui est quand m\u00eame tr\u00e8s tr\u00e8s emmerdant pour un appareil photo. Je ne pas surveill\u00e9 \u00e7a de tr\u00e8s &hellip; <a href=\"https:\/\/www.davidbosman.fr\/blog\/2006\/08\/18\/20060818402-rd1s-declencheur-comateux\/\">Read more &rarr;<\/a><\/p>","protected":false},"author":2,"featured_media":0,"comment_status":"open","ping_status":"open","sticky":false,"template":"","format":"standard","meta":{"footnotes":""},"categories":[7],"tags":[],"class_list":["post-5116","post","type-post","status-publish","format-standard","hentry","category-des-photos"],"_links":{"self":[{"href":"https:\/\/www.davidbosman.fr\/blog\/wp-json\/wp\/v2\/posts\/5116","targetHints":{"allow":["GET"]}}],"collection":[{"href":"https:\/\/www.davidbosman.fr\/blog\/wp-json\/wp\/v2\/posts"}],"about":[{"href":"https:\/\/www.davidbosman.fr\/blog\/wp-json\/wp\/v2\/types\/post"}],"author":[{"embeddable":true,"href":"https:\/\/www.davidbosman.fr\/blog\/wp-json\/wp\/v2\/users\/2"}],"replies":[{"embeddable":true,"href":"https:\/\/www.davidbosman.fr\/blog\/wp-json\/wp\/v2\/comments?post=5116"}],"version-history":[{"count":1,"href":"https:\/\/www.davidbosman.fr\/blog\/wp-json\/wp\/v2\/posts\/5116\/revisions"}],"predecessor-version":[{"id":6226,"href":"https:\/\/www.davidbosman.fr\/blog\/wp-json\/wp\/v2\/posts\/5116\/revisions\/6226"}],"wp:attachment":[{"href":"https:\/\/www.davidbosman.fr\/blog\/wp-json\/wp\/v2\/media?parent=5116"}],"wp:term":[{"taxonomy":"category","embeddable":true,"href":"https:\/\/www.davidbosman.fr\/blog\/wp-json\/wp\/v2\/categories?post=5116"},{"taxonomy":"post_tag","embeddable":true,"href":"https:\/\/www.davidbosman.fr\/blog\/wp-json\/wp\/v2\/tags?post=5116"}],"curies":[{"name":"wp","href":"https:\/\/api.w.org\/{rel}","templated":true}]}}