{"id":16956,"date":"2018-06-30T16:43:42","date_gmt":"2018-06-30T14:43:42","guid":{"rendered":"http:\/\/davidbosman.fr\/blog\/?p=16956"},"modified":"2018-06-30T16:52:19","modified_gmt":"2018-06-30T14:52:19","slug":"utiliser-un-mode-sombre-sans-macos-mojave","status":"publish","type":"post","link":"https:\/\/www.davidbosman.fr\/blog\/2018\/06\/30\/utiliser-un-mode-sombre-sans-macos-mojave\/","title":{"rendered":"Utiliser un mode sombre sans macOS Mojave"},"content":{"rendered":"<p>Une astuce toute b\u00eate, que j&#8217;utilise depuis des ann\u00e9es pour rapidement disposer d&#8217;un mode sombre sous macOS : inverser les couleurs.<\/p>\n\n<p><strong>Attention:<\/strong> si \u00e7a marche tr\u00e8s bien pour tout ce qui concerne le texte (lire comme \u00e9crire), <strong>\u00e7a ne donnera rien de bien pour regarder des photos ou des vid\u00e9o, vu que toutes les couleurs sont&#8230; invers\u00e9es<\/strong>.<\/p>\n\n<p><a href=\"http:\/\/davidbosman.fr\/blog\/wp-content\/uploads\/2018\/06\/invert.jpg\"><img loading=\"lazy\" decoding=\"async\" class=\"aligncenter size-full wp-image-16957\" src=\"http:\/\/davidbosman.fr\/blog\/wp-content\/uploads\/2018\/06\/invert.jpg\" alt=\"\" width=\"2880\" height=\"1800\" srcset=\"https:\/\/www.davidbosman.fr\/blog\/wp-content\/uploads\/2018\/06\/invert.jpg 2880w, https:\/\/www.davidbosman.fr\/blog\/wp-content\/uploads\/2018\/06\/invert-450x281.jpg 450w, https:\/\/www.davidbosman.fr\/blog\/wp-content\/uploads\/2018\/06\/invert-768x480.jpg 768w, https:\/\/www.davidbosman.fr\/blog\/wp-content\/uploads\/2018\/06\/invert-1024x640.jpg 1024w\" sizes=\"auto, (max-width: 2880px) 100vw, 2880px\" \/><\/a><\/p>\n\n<p>Pour inverser les couleurs, allez dans les <strong>Pr\u00e9f\u00e9rences Syst\u00e8me -&gt; Accessibilit\u00e9<\/strong>, onglet <strong>Affichage<\/strong> et cochez <strong>Inverser les couleurs<\/strong>.<\/p>\n\n<p><a href=\"http:\/\/davidbosman.fr\/blog\/wp-content\/uploads\/2018\/06\/InvertColors.png\"><img loading=\"lazy\" decoding=\"async\" class=\"aligncenter size-full wp-image-16958\" src=\"http:\/\/davidbosman.fr\/blog\/wp-content\/uploads\/2018\/06\/InvertColors.png\" alt=\"\" width=\"1562\" height=\"956\" srcset=\"https:\/\/www.davidbosman.fr\/blog\/wp-content\/uploads\/2018\/06\/InvertColors.png 1562w, https:\/\/www.davidbosman.fr\/blog\/wp-content\/uploads\/2018\/06\/InvertColors-450x275.png 450w, https:\/\/www.davidbosman.fr\/blog\/wp-content\/uploads\/2018\/06\/InvertColors-768x470.png 768w, https:\/\/www.davidbosman.fr\/blog\/wp-content\/uploads\/2018\/06\/InvertColors-1024x627.png 1024w\" sizes=\"auto, (max-width: 1562px) 100vw, 1562px\" \/><\/a><\/p>\n\n<p>Pour simplifier la proc\u00e9dure, on pourra activer le raccourci clavier d\u00e9di\u00e9 (<strong>Ctrl+Alt+Cmd+8<\/strong>) qui permet d&#8217;alterner entre les deux modes. L\u00e0 encore, \u00e7a se passe dans les <strong>Pr\u00e9f\u00e9rences syst\u00e8me -&gt; Clavier<\/strong>, onglet <strong>Raccourcis<\/strong>. Choisissez <strong>Accessibilit\u00e9<\/strong> et activez <strong>Inverser les couleurs.<\/strong> Rien ne vous emp\u00eache de d\u00e9finir un autre raccourci clavier, en double-cliquant sur celui par d\u00e9faut.<\/p>\n\n<p><a href=\"http:\/\/davidbosman.fr\/blog\/wp-content\/uploads\/2018\/06\/Keyboard.png\"><img loading=\"lazy\" decoding=\"async\" class=\"aligncenter size-full wp-image-16959\" src=\"http:\/\/davidbosman.fr\/blog\/wp-content\/uploads\/2018\/06\/Keyboard.png\" alt=\"\" width=\"1558\" height=\"1198\" srcset=\"https:\/\/www.davidbosman.fr\/blog\/wp-content\/uploads\/2018\/06\/Keyboard.png 1558w, https:\/\/www.davidbosman.fr\/blog\/wp-content\/uploads\/2018\/06\/Keyboard-450x346.png 450w, https:\/\/www.davidbosman.fr\/blog\/wp-content\/uploads\/2018\/06\/Keyboard-768x591.png 768w, https:\/\/www.davidbosman.fr\/blog\/wp-content\/uploads\/2018\/06\/Keyboard-1024x787.png 1024w\" sizes=\"auto, (max-width: 1558px) 100vw, 1558px\" \/><\/a><\/p>\n\n<p><strong>Si ce n&#8217;\u00e9tait pas d\u00e9j\u00e0 assez clair: je rappelle que ce mode n&#8217;a rien \u00e0 voir avec le mode sombre annonc\u00e9 dans macOS Mojave, et que c&#8217;est <em>moche\/inutilisable\/quasi-hallucinog\u00e8ne<\/em>\u00a0pour visionner les photos et les vid\u00e9os.<\/strong> Par contre, c&#8217;est vraiment reposant pour \u00e9crire comme pour lire sur le Mac&#8230; et c&#8217;est disponible sur toutes les versions de macOS\/OS X, depuis des ann\u00e9es.<\/p>\n\n<p><a href=\"http:\/\/davidbosman.fr\/blog\/wp-content\/uploads\/2012\/10\/zen.png\"><img decoding=\"async\" class=\"aligncenter size-full wp-image-13307\" src=\"http:\/\/davidbosman.fr\/blog\/wp-content\/uploads\/2012\/10\/zen.png\" alt=\"\" \/><\/a><\/p>\n\n<p>C&#8217;est tout moi, \u00e7a : sortir le blog de son sommeil de belle au bois dormant non pas sous l&#8217;effet du tendre baiser d&#8217;un prince charmant qui serait pass\u00e9 dans le coin, mais pour partager une vieille astuce qui ne servira probablement \u00e0 personne et \u00e0 plus rien du tout dans peu de temps \ud83d\ude09<\/p>\n","protected":false},"excerpt":{"rendered":"<p>Une astuce toute b\u00eate, que j&#8217;utilise depuis des ann\u00e9es pour rapidement disposer d&#8217;un mode sombre sous macOS : inverser les couleurs. Attention: si \u00e7a marche tr\u00e8s bien pour tout ce qui concerne le texte (lire comme \u00e9crire), \u00e7a ne donnera &hellip; <a href=\"https:\/\/www.davidbosman.fr\/blog\/2018\/06\/30\/utiliser-un-mode-sombre-sans-macos-mojave\/\">Read more &rarr;<\/a><\/p>","protected":false},"author":2,"featured_media":0,"comment_status":"open","ping_status":"open","sticky":false,"template":"","format":"standard","meta":{"footnotes":""},"categories":[1],"tags":[39,109],"class_list":["post-16956","post","type-post","status-publish","format-standard","hentry","category-general","tag-apple","tag-trucs-et-astuces"],"_links":{"self":[{"href":"https:\/\/www.davidbosman.fr\/blog\/wp-json\/wp\/v2\/posts\/16956","targetHints":{"allow":["GET"]}}],"collection":[{"href":"https:\/\/www.davidbosman.fr\/blog\/wp-json\/wp\/v2\/posts"}],"about":[{"href":"https:\/\/www.davidbosman.fr\/blog\/wp-json\/wp\/v2\/types\/post"}],"author":[{"embeddable":true,"href":"https:\/\/www.davidbosman.fr\/blog\/wp-json\/wp\/v2\/users\/2"}],"replies":[{"embeddable":true,"href":"https:\/\/www.davidbosman.fr\/blog\/wp-json\/wp\/v2\/comments?post=16956"}],"version-history":[{"count":5,"href":"https:\/\/www.davidbosman.fr\/blog\/wp-json\/wp\/v2\/posts\/16956\/revisions"}],"predecessor-version":[{"id":16964,"href":"https:\/\/www.davidbosman.fr\/blog\/wp-json\/wp\/v2\/posts\/16956\/revisions\/16964"}],"wp:attachment":[{"href":"https:\/\/www.davidbosman.fr\/blog\/wp-json\/wp\/v2\/media?parent=16956"}],"wp:term":[{"taxonomy":"category","embeddable":true,"href":"https:\/\/www.davidbosman.fr\/blog\/wp-json\/wp\/v2\/categories?post=16956"},{"taxonomy":"post_tag","embeddable":true,"href":"https:\/\/www.davidbosman.fr\/blog\/wp-json\/wp\/v2\/tags?post=16956"}],"curies":[{"name":"wp","href":"https:\/\/api.w.org\/{rel}","templated":true}]}}