{"id":14553,"date":"2013-08-01T10:24:56","date_gmt":"2013-08-01T08:24:56","guid":{"rendered":"http:\/\/davidbosman.fr\/blog\/?p=14553"},"modified":"2013-08-01T10:25:22","modified_gmt":"2013-08-01T08:25:22","slug":"quelques-photos-dans-paris","status":"publish","type":"post","link":"https:\/\/www.davidbosman.fr\/blog\/2013\/08\/01\/quelques-photos-dans-paris\/","title":{"rendered":"Quelques photos dans Paris"},"content":{"rendered":"<p>Si \u00e7a vous int\u00e9resse, je vais tenter de publier r\u00e9guli\u00e8rement les photos de <a href=\"http:\/\/davidbosman.fr\/blog\/2013\/07\/29\/du-temps-qui-infuse\/\">mes promenades matinales<\/a>. Aucune id\u00e9e de la fa\u00e7on dont \u00e7a \u00e9voluera, prenez \u00e7a comme un bloc-notes photographique \u00e0 feuilleter \u2014 dont nous pouvons \u00e9ventuellement discuter, si \u00e7a vous dit \u2014 sur <a href=\"http:\/\/www.flickr.com\/photos\/david_b\/\">Flickr<\/a> :<\/p>\n\n<p><img decoding=\"async\" src=\"http:\/\/davidbosman.fr\/blog\/wp-content\/uploads\/2013\/08\/promenadespng.jpg\" alt=\"Promenades.png\" \/><\/p>\n\n<p>Ah oui, j&#8217;ai d\u00e9cel\u00e9 un th\u00e8me r\u00e9current : Paris et la verdure, \u00e0 qui j&#8217;ai donn\u00e9 son propre album : <a href=\"http:\/\/www.flickr.com\/photos\/david_b\/sets\/72157634865961626\/\">Paris en vert<\/a> \u2014 quelle imagination.<\/p>\n","protected":false},"excerpt":{"rendered":"<p>Si \u00e7a vous int\u00e9resse, je vais tenter de publier r\u00e9guli\u00e8rement les photos de mes promenades matinales. Aucune id\u00e9e de la fa\u00e7on dont \u00e7a \u00e9voluera, prenez \u00e7a comme un bloc-notes photographique \u00e0 feuilleter \u2014 dont nous pouvons \u00e9ventuellement discuter, si \u00e7a &hellip; <a href=\"https:\/\/www.davidbosman.fr\/blog\/2013\/08\/01\/quelques-photos-dans-paris\/\">Read more &rarr;<\/a><\/p>","protected":false},"author":2,"featured_media":0,"comment_status":"open","ping_status":"open","sticky":false,"template":"","format":"standard","meta":{"footnotes":""},"categories":[1],"tags":[107],"class_list":["post-14553","post","type-post","status-publish","format-standard","hentry","category-general","tag-des-photos"],"_links":{"self":[{"href":"https:\/\/www.davidbosman.fr\/blog\/wp-json\/wp\/v2\/posts\/14553","targetHints":{"allow":["GET"]}}],"collection":[{"href":"https:\/\/www.davidbosman.fr\/blog\/wp-json\/wp\/v2\/posts"}],"about":[{"href":"https:\/\/www.davidbosman.fr\/blog\/wp-json\/wp\/v2\/types\/post"}],"author":[{"embeddable":true,"href":"https:\/\/www.davidbosman.fr\/blog\/wp-json\/wp\/v2\/users\/2"}],"replies":[{"embeddable":true,"href":"https:\/\/www.davidbosman.fr\/blog\/wp-json\/wp\/v2\/comments?post=14553"}],"version-history":[{"count":1,"href":"https:\/\/www.davidbosman.fr\/blog\/wp-json\/wp\/v2\/posts\/14553\/revisions"}],"predecessor-version":[{"id":14554,"href":"https:\/\/www.davidbosman.fr\/blog\/wp-json\/wp\/v2\/posts\/14553\/revisions\/14554"}],"wp:attachment":[{"href":"https:\/\/www.davidbosman.fr\/blog\/wp-json\/wp\/v2\/media?parent=14553"}],"wp:term":[{"taxonomy":"category","embeddable":true,"href":"https:\/\/www.davidbosman.fr\/blog\/wp-json\/wp\/v2\/categories?post=14553"},{"taxonomy":"post_tag","embeddable":true,"href":"https:\/\/www.davidbosman.fr\/blog\/wp-json\/wp\/v2\/tags?post=14553"}],"curies":[{"name":"wp","href":"https:\/\/api.w.org\/{rel}","templated":true}]}}