{"id":14339,"date":"2013-05-28T08:55:25","date_gmt":"2013-05-28T06:55:25","guid":{"rendered":"http:\/\/davidbosman.fr\/blog\/?p=14339"},"modified":"2013-05-28T09:10:53","modified_gmt":"2013-05-28T07:10:53","slug":"et-pourquoi-pas-limiter-lalphabet-aux-consonnes-seulement-pour-un-usage-prive","status":"publish","type":"post","link":"https:\/\/www.davidbosman.fr\/blog\/2013\/05\/28\/et-pourquoi-pas-limiter-lalphabet-aux-consonnes-seulement-pour-un-usage-prive\/","title":{"rendered":"Et pourquoi pas limiter l&#8217;alphabet aux consonnes seulement, pour un usage priv\u00e9 ?"},"content":{"rendered":"<p>S\u00e9rieux pourquoi ne pas interdire l&#8217;emploi des caract\u00e8res accentu\u00e9s ou m\u00eame des voyelles, pour un usage personnel, tant qu&#8217;\u00e0 faire des distinctions aussi cr\u00e9tines :<\/p>\n\n<p><img decoding=\"async\" src=\"http:\/\/davidbosman.fr\/blog\/wp-content\/uploads\/2013\/05\/dysl.png\" alt=\"La police Dyslexi\" \/><\/p>\n\n<p>Donc, en r\u00e9sum\u00e9, pour un usage personnel \u2014 49\u20ac en promo, sinon c&#8217;est 85\u20ac \u2014 on a droit \u00e0 la police en  normal, mais ni au gras ni \u00e0 l&#8217;italique et \u00e9videmment pas aux gras mis en italique.<\/p>\n\n<p>Pour b\u00e9n\u00e9ficier d&#8217;un jeu complet, avec le <strong>gras<\/strong>, <strong>l&#8217;italique<\/strong> et du <strong><em>fruit de leur union lubrique<\/em><\/strong>, il faut passer par un tarif pro  \u2014 dont le prix varie selon le domaine d&#8217;activit\u00e9. Par exemple, ici pour une entreprise :<\/p>\n\n<p><img decoding=\"async\" src=\"http:\/\/davidbosman.fr\/blog\/wp-content\/uploads\/2013\/05\/dysl_002.png\" alt=\"Dysl 002\" \/><\/p>\n\n<p>J&#8217;ai toujours pay\u00e9 pour les polices que j&#8217;utilise \u2014 appelez-moi f\u00e9tichiste de typo (\u00e0 20 ans, je collectionnais les caract\u00e8res en plomb), r\u00eaveur qui se voyait imprimeur (et a suivi une formation pour), ex-\u00e9diteur\/ex-r\u00e9dac&#8217;chef qui appr\u00e9cie de payer le travail bien fait, comme il appr\u00e9cie d&#8217;\u00eatre pay\u00e9 pour son travail.<\/p>\n\n<p>J&#8217;aime tellement \u00e7a, les polices, que je paye m\u00eame pour des polices disponibles gratuitement \u2014 quand elles font appel aux dons&#8230; Par exemple, pour <strong><a href=\"http:\/\/opendyslexic.org\">Open Dyslexic<\/a>  que vous pouvez utilisez dans toutes les graisses, avec ou sans <em>italique<\/em><\/strong>, pour le m\u00eame prix (gratuit, ou selon votre bon coeur).<\/p>\n\n<h3>En conclusion<\/h3>\n\n<p>Dyslexie me semble une tr\u00e8s belle police, mais je ne vais pas l\u00e2cher 49\u20ac pour un tiers de ce dont j&#8217;ai besoin au quotidien <strong>pour mon usage <em>personnel<\/em><\/strong> et, sans emploi, je ne vais pas payer le tarif &#8220;entreprise&#8221; \u2014 Open Dyslexic, fait bien son boulot.<\/p>\n\n<ul>\n<li>La police <a href=\"http:\/\/www.auxilidys.fr\/commander-Particuliers\/\">Dyslexie, de 49\u20ac \u00e0 beaucoup plus cher<\/a>.<\/li>\n<li>La police <a href=\"http:\/\/opendyslexic.org\">OpenDyslexic, de 0\u20ac \u00e0 ce que vous voulez<\/a>.<\/li>\n<\/ul>\n","protected":false},"excerpt":{"rendered":"<p>S\u00e9rieux pourquoi ne pas interdire l&#8217;emploi des caract\u00e8res accentu\u00e9s ou m\u00eame des voyelles, pour un usage personnel, tant qu&#8217;\u00e0 faire des distinctions aussi cr\u00e9tines : Donc, en r\u00e9sum\u00e9, pour un usage personnel \u2014 49\u20ac en promo, sinon c&#8217;est 85\u20ac \u2014 &hellip; <a href=\"https:\/\/www.davidbosman.fr\/blog\/2013\/05\/28\/et-pourquoi-pas-limiter-lalphabet-aux-consonnes-seulement-pour-un-usage-prive\/\">Read more &rarr;<\/a><\/p>","protected":false},"author":2,"featured_media":0,"comment_status":"open","ping_status":"open","sticky":false,"template":"","format":"standard","meta":{"footnotes":""},"categories":[1],"tags":[21,4],"class_list":["post-14339","post","type-post","status-publish","format-standard","hentry","category-general","tag-ecriture","tag-societe"],"_links":{"self":[{"href":"https:\/\/www.davidbosman.fr\/blog\/wp-json\/wp\/v2\/posts\/14339","targetHints":{"allow":["GET"]}}],"collection":[{"href":"https:\/\/www.davidbosman.fr\/blog\/wp-json\/wp\/v2\/posts"}],"about":[{"href":"https:\/\/www.davidbosman.fr\/blog\/wp-json\/wp\/v2\/types\/post"}],"author":[{"embeddable":true,"href":"https:\/\/www.davidbosman.fr\/blog\/wp-json\/wp\/v2\/users\/2"}],"replies":[{"embeddable":true,"href":"https:\/\/www.davidbosman.fr\/blog\/wp-json\/wp\/v2\/comments?post=14339"}],"version-history":[{"count":5,"href":"https:\/\/www.davidbosman.fr\/blog\/wp-json\/wp\/v2\/posts\/14339\/revisions"}],"predecessor-version":[{"id":14344,"href":"https:\/\/www.davidbosman.fr\/blog\/wp-json\/wp\/v2\/posts\/14339\/revisions\/14344"}],"wp:attachment":[{"href":"https:\/\/www.davidbosman.fr\/blog\/wp-json\/wp\/v2\/media?parent=14339"}],"wp:term":[{"taxonomy":"category","embeddable":true,"href":"https:\/\/www.davidbosman.fr\/blog\/wp-json\/wp\/v2\/categories?post=14339"},{"taxonomy":"post_tag","embeddable":true,"href":"https:\/\/www.davidbosman.fr\/blog\/wp-json\/wp\/v2\/tags?post=14339"}],"curies":[{"name":"wp","href":"https:\/\/api.w.org\/{rel}","templated":true}]}}