{"id":14231,"date":"2013-05-12T11:21:20","date_gmt":"2013-05-12T09:21:20","guid":{"rendered":"http:\/\/davidbosman.fr\/blog\/?p=14231"},"modified":"2014-05-15T13:34:39","modified_gmt":"2014-05-15T11:34:39","slug":"la-tete-et-les-donnees-dans-licloud","status":"publish","type":"post","link":"https:\/\/www.davidbosman.fr\/blog\/2013\/05\/12\/la-tete-et-les-donnees-dans-licloud\/","title":{"rendered":"La t\u00eate \u2014 et les donn\u00e9es \u2014 dans l'(i)Cloud"},"content":{"rendered":"<p>Mon iPad \u00e9tant vraiment devenu p\u00e9niblement lent, je l&#8217;ai r\u00e9install\u00e9 hier soir \u2014 pas restaur\u00e9 depuis sa derni\u00e8re sauvegarde, r\u00e9install\u00e9 de z\u00e9ro. Radical.<\/p>\n\n<p>Dropbox, puis 1Password, puis activer iCloud. Pour acc\u00e9der \u00e0 toutes mes donn\u00e9es et mots de passe. Puis, les apps, une \u00e0 la fois.<\/p>\n\n<h3>Ayez confiaaaaaance<\/h3>\n\n<p>En d\u00e9marrant <em>Paper<\/em> \u2014 en m\u00eame temps que j&#8217;appr\u00e9ciais sa jolie interface fa\u00e7on Moleskine \u2014 j&#8217;ai r\u00e9alis\u00e9 qu&#8217;il ne contenait plus aucun de mes dessins. Logique, je venais de le r\u00e9installer.<\/p>\n\n<p><img decoding=\"async\" src=\"http:\/\/davidbosman.fr\/blog\/wp-content\/uploads\/2013\/05\/53.jpg\" alt=\"53\" \/><br \/>\n<em>10 pages d&#8217;Id\u00e9es. 10 pages vides.<\/em><\/p>\n\n<p>M\u00eame chose avec <em>Brushes<\/em>. Rien.<\/p>\n\n<p><img decoding=\"async\" src=\"http:\/\/davidbosman.fr\/blog\/wp-content\/uploads\/2013\/05\/brushes.jpg\" alt=\"Brushes\" \/><\/p>\n\n<p>Logique, mais chiant. O\u00f9 sont tous mes dessins ? Oh, ils existent toujours&#8230; quelques part dans la derni\u00e8re sauvegarde iTunes, sur le Mac (ou sur iCloud). Autant dire, si j&#8217;essaye de les retrouver \u00e0 la main, que je peux me brosser :<\/p>\n\n<p><img decoding=\"async\" src=\"http:\/\/davidbosman.fr\/blog\/wp-content\/uploads\/2013\/05\/chercher.jpg\" alt=\"Chercher\" \/><br \/>\n<em>C&#8217;est juste incompr\u00e9hensible.<\/em><\/p>\n\n<p>Le seul moyen simple de les r\u00e9cup\u00e9rer serait d&#8217;effacer \u00e0 nouveau mon iPad, de r\u00e9installer la derni\u00e8re sauvegarde, de lancer les apps et, <em>un dessin \u00e0 la fois<\/em>, de les exporter ou de mes les envoyer par email. Puis d&#8217;effacer \u00e0 nouveau \u00e0 l&#8217;iPad et tout recommencer, pour retrouver l&#8217;iPad tel que je le souhaite. Super.<\/p>\n\n<p>Puis, j&#8217;ai r\u00e9install\u00e9 <em>Adobe Ideas<\/em>, me suis identifi\u00e9 et, en quelques instants, je retrouvai tous mes dessins dans l&#8217;application. Comme \u00e7a \u00e9t\u00e9 le cas aussi, avec les apps d\u00e9di\u00e9es \u00e0 l&#8217;\u00e9criture.<\/p>\n\n<p><strong>La diff\u00e9rence ? Le cloud.<\/strong><\/p>\n\n<p>Adobe m&#8217;avait en effet propos\u00e9 de stocker mes dessins dans son &#8220;Creative Cloud&#8221;, gratuitement (j&#8217;en ai pas des centaines), ou en payant si j&#8217;ai besoin de beaucoup de place. J&#8217;avais accept\u00e9. Comme j&#8217;utilise iCloud pour les mails et contacts, et Dropbox pour tous mes fichiers (textes et photos).<\/p>\n\n<p><em>C&#8217;est \u00e7a l&#8217;iPad<\/em>, selon Apple : ne plus nous soucier de nos fichiers (oublier le Finder), non pas parce que les fichiers n&#8217;ont aucune importance mais, bien au contraire, parce qu&#8217;ils sont tellement importants que ce sont les apps qui vont en prendre soin, \u00e0 notre place. <em>Touche pas au fichier, avec tes mains pleines de doigts !<\/em> Laisse faire le programme : il connait son travail.<\/p>\n\n<p>Mais voil\u00e0 ces deux apps qui entonnent un tout autre refrain : <em>Tintin, mon gros. T&#8217;as qu&#8217;\u00e0 en baver si tu veux r\u00e9cup\u00e9rer tes fichiers. On est chiantes, on des apps \u00e0 l&#8217;ancienne. Tu dois penser \u00e0 nous. Tu dois te soucier de nous. Bon retour au XXe si\u00e8cle.<\/em> Me soucier d&#8217;elles, ou dire adieu \u00e0 mes fichiers, ou presque ? Merci.<\/p>\n\n<p><em>C&#8217;est pas \u00e7a l&#8217;iPad<\/em>. \u00c7a, c&#8217;est le PC \u00e0 l&#8217;ancienne.<\/p>\n\n<p>J&#8217;en \u00e9tais l\u00e0 de ma rumination, assez agac\u00e9 d&#8217;imaginer me farcir une ni\u00e8me r\u00e9installation \u00e0 cause de ces deux apps, quand j&#8217;ai r\u00e9alis\u00e9 que c&#8217;\u00e9tait aussi un peu la faute de Apple.<\/p>\n\n<h3>(i)Cloud, une option obligatoire ?<\/h3>\n\n<p>Tout le monde n&#8217;est pas Adobe, et n&#8217;a pas les moyens de nous proposer son cloud personnel. C&#8217;est \u00e9vident. Mais ce ne sont pas les options qui manquent :<\/p>\n\n<ul>\n<li>iCloud<\/li>\n<li>Dropbox<\/li>\n<li>Amazon S3<\/li>\n<li>Google Drive<\/li>\n<li>SkyDrive<\/li>\n<li>Etc.<\/li>\n<\/ul>\n\n<p>Il n&#8217;y a donc aucune raison qui emp\u00eache d&#8217;offrir \u2014 au moins en option, je peux comprendre qu&#8217;on puisse ne pas vouloir stocker ses donn\u00e9es entre les mains d&#8217;une entreprise commerciale, c&#8217;est un autre d\u00e9bat \u2014 la possibilit\u00e9 de stocker ses fichiers dans <em>le cloud<\/em>.<\/p>\n\n<p>Aucune raison pour que Apple n&#8217;exige pas des d\u00e9veloppeurs qu&#8217;ils fournissent l&#8217;option de sauvegarder sur iCloud ou un cloud, pour toute app qui sert \u00e0 cr\u00e9er quelque chose \u2014 texte, image, son&#8230;<\/p>\n\n<p>Il y a peut-\u00eatre des consid\u00e9rations techniques qui m&#8217;\u00e9chappent. Je m&#8217;en fiche, Apple ne me vend pas l&#8217;iPad ou iCloud en m&#8217;expliquant &#8220;<em>mais<\/em>, il y a des consid\u00e9rations techniques \u00e0 prendre en compte&#8221;. <a href=\"http:\/\/davidbosman.fr\/blog\/2011\/10\/10\/quand-la-technologie-sefface\/\">Certainement pas<\/a>, pour \u00e7a il y a Windows et Android et Linux.<\/p>\n\n<h3>Ce n&#8217;est pas parfait<\/h3>\n\n<p>La solution cloud n&#8217;est pas id\u00e9ale. Bien entendu :<\/p>\n\n<ul>\n<li>iCloud est souvent lent<\/li>\n<li>C&#8217;est souvent payant<\/li>\n<li>Il faut \u00eatre connect\u00e9 \u00e0 Internet.<\/li>\n<li>Etc.<\/li>\n<\/ul>\n\n<p>Mais la solution &#8220;classique&#8221; ne l&#8217;est gu\u00e8re plus : sans le cloud, j&#8217;aurais pu dire adieu \u00e0 tous mes dessins. De deux maux, je sais lequel je pr\u00e9f\u00e8re.<\/p>\n\n<div align=\"center\"><img decoding=\"async\" src=\"http:\/\/davidbosman.fr\/images\/zen.png\" alt=\"\" zen=\"\" style=\"border: 0px none ;\"><\/div>\n\n<p>J&#8217;ai r\u00e9install\u00e9 cet iPad pour pouvoir dessiner plus confortablement, <em>pas<\/em> pour passer des heures \u00e0 retrouver mes dessins, un par un, parce qu&#8217;une app persiste \u00e0 reproduire un mode de fonctionnement h\u00e9rit\u00e9 de l&#8217;\u00e8re PC.<\/p>\n\n<p>C&#8217;est dans <em>Adobe Ideas<\/em> que j&#8217;ai retrouv\u00e9 tous mes crobards d\u00e8s le d\u00e9marrage de l&#8217;app. Et si j&#8217;aime beaucoup <em>Brushes<\/em> et <em>Paper<\/em>, je regrette de leur avoir confi\u00e9 mes dessins car, tant que je ne trouverai pas le courage de perdre un temps fou \u00e0 les r\u00e9cup\u00e9rer, il sont perdus. C&#8217;est dans <em>Adobe Ideas<\/em> que je dessinerai mes prochains crobards.<\/p>\n\n<p>Je ne suis ni Picasso ni Pratt, mes dessins ne manqueront \u00e0 personne que moi. Surtout les dessins que j&#8217;avais faits de ma ni\u00e8ce, dont je n&#8217;ai plus que la copie basse def de deux d&#8217;entre eux, que j&#8217;avais envoy\u00e9s \u00e0 sa maman.<\/p>\n\n<p><img decoding=\"async\" src=\"http:\/\/davidbosman.fr\/blog\/wp-content\/uploads\/2013\/05\/laure.png\" alt=\"Laure\" \/><br \/>\n<em>Fait chier.<\/em><\/p>\n","protected":false},"excerpt":{"rendered":"<p>Mon iPad \u00e9tant vraiment devenu p\u00e9niblement lent, je l&#8217;ai r\u00e9install\u00e9 hier soir \u2014 pas restaur\u00e9 depuis sa derni\u00e8re sauvegarde, r\u00e9install\u00e9 de z\u00e9ro. Radical. Dropbox, puis 1Password, puis activer iCloud. Pour acc\u00e9der \u00e0 toutes mes donn\u00e9es et mots de passe. Puis, &hellip; <a href=\"https:\/\/www.davidbosman.fr\/blog\/2013\/05\/12\/la-tete-et-les-donnees-dans-licloud\/\">Read more &rarr;<\/a><\/p>","protected":false},"author":2,"featured_media":0,"comment_status":"closed","ping_status":"open","sticky":false,"template":"","format":"standard","meta":{"footnotes":""},"categories":[9],"tags":[85,63,67],"class_list":["post-14231","post","type-post","status-publish","format-standard","hentry","category-mac","tag-dessin","tag-ios","tag-laure"],"_links":{"self":[{"href":"https:\/\/www.davidbosman.fr\/blog\/wp-json\/wp\/v2\/posts\/14231","targetHints":{"allow":["GET"]}}],"collection":[{"href":"https:\/\/www.davidbosman.fr\/blog\/wp-json\/wp\/v2\/posts"}],"about":[{"href":"https:\/\/www.davidbosman.fr\/blog\/wp-json\/wp\/v2\/types\/post"}],"author":[{"embeddable":true,"href":"https:\/\/www.davidbosman.fr\/blog\/wp-json\/wp\/v2\/users\/2"}],"replies":[{"embeddable":true,"href":"https:\/\/www.davidbosman.fr\/blog\/wp-json\/wp\/v2\/comments?post=14231"}],"version-history":[{"count":4,"href":"https:\/\/www.davidbosman.fr\/blog\/wp-json\/wp\/v2\/posts\/14231\/revisions"}],"predecessor-version":[{"id":15493,"href":"https:\/\/www.davidbosman.fr\/blog\/wp-json\/wp\/v2\/posts\/14231\/revisions\/15493"}],"wp:attachment":[{"href":"https:\/\/www.davidbosman.fr\/blog\/wp-json\/wp\/v2\/media?parent=14231"}],"wp:term":[{"taxonomy":"category","embeddable":true,"href":"https:\/\/www.davidbosman.fr\/blog\/wp-json\/wp\/v2\/categories?post=14231"},{"taxonomy":"post_tag","embeddable":true,"href":"https:\/\/www.davidbosman.fr\/blog\/wp-json\/wp\/v2\/tags?post=14231"}],"curies":[{"name":"wp","href":"https:\/\/api.w.org\/{rel}","templated":true}]}}