{"id":13921,"date":"2013-04-01T07:00:19","date_gmt":"2013-04-01T05:00:19","guid":{"rendered":"http:\/\/davidbosman.fr\/blog\/?p=13921"},"modified":"2013-04-01T07:00:19","modified_gmt":"2013-04-01T05:00:19","slug":"ces-glands-qui-font-du-bruit-en-tombant","status":"publish","type":"post","link":"https:\/\/www.davidbosman.fr\/blog\/2013\/04\/01\/ces-glands-qui-font-du-bruit-en-tombant\/","title":{"rendered":"Ces glands qui font du bruit en tombant\u2026"},"content":{"rendered":"<p>Tsssssss\u2026!<\/p>\n\n<p>Le probl\u00e8me des mythes vivants d\u00e8s qu&#8217;on y regarde d&#8217;un peu plus pr\u00e8s, c&#8217;est que l&#8217;on r\u00e9alise qu&#8217;ils sont bouff\u00e9s\u2026 aux mites !<\/p>\n\n<p>Prenez <a href=\"http:\/\/urbanbike.com\">@urbanbike<\/a> : il m&#8217;aura fallu du temps pour ouvrir les yeux. Quelle d\u00e9convenue ! Quelle d\u00e9ception !<\/p>\n\n<p>Ce type est une baudruche\u2026 Je m&#8217;explique :<\/p>\n\n<p>Avez-vous remarqu\u00e9 sa manie d&#8217;avoir toujours pens\u00e9 \u00e0 tout, tout exp\u00e9riment\u00e9, tout connu, tout v\u00e9cu ? Vous parlez de photo \u00e0 l&#8217;iPhone, il vous parle de son reflex, vous parlez de reflex, c&#8217;est \u00e0 peine s&#8217;il ne nous explique pas qu&#8217;il a appris l&#8217;art du cadrage \u00e0 <em>Cartier-Bresson<\/em> ou \u00e0 <em>Ansel Adams<\/em>\u2026!<\/p>\n\n<p>Et cette facult\u00e9 d&#8217;\u00eatre un expert en tout ? Alors qu&#8217;il a test\u00e9 un produit trente secondes, \u00e0 peine lu le communiqu\u00e9 de presse ou le r\u00e9sum\u00e9 d&#8217;un bouquin, paf, il va nous pondre un <strong>avis<\/strong> d&#8217;expert.<\/p>\n\n<p>Mieux, les <strong>rares<\/strong> fois o\u00f9 il cite ses sources, ce sont toujours des sites anglo saxons, comme s&#8217;il avait honte de mentionner les petits sites fran\u00e7ais que nous savons pertinemment qu&#8217;il lit avidement pour mieux les piller. C&#8217;est minable. Mais c&#8217;est toujours la m\u00eame probl\u00e9matique :  faire croire \u00e0 ses trois lecteurs et demi (sic) qu&#8217;il a tout invent\u00e9, qu&#8217;il sait tout. Bref, c&#8217;est l&#8217;<em>Aldo Maccione<\/em> du web \u2014 le talent comique en moins \u2014 toujours pr\u00eat \u00e0 tirer la couverture \u00e0 lui\u2026<\/p>\n\n<p>Ce qui est path\u00e9tique, c&#8217;est que \u00e7a marche : plein de gens le prennent au s\u00e9rieux.<\/p>\n\n<p>En v\u00e9rit\u00e9, je vous le dis : ce type est un usurpateur qui profite du travail des autres, ne partage <em>riiiiien<\/em> et change d&#8217;avis selon la direction du vent : tiens, je suis certain que si j&#8217;annon\u00e7ais que j&#8217;abandonne Apple pour Windows ou Linux, ce pauvre gars expliquerait aussi sec qu&#8217;Apple c&#8217;est <em>mainstream<\/em>\u2026! Et qu&#8217;il pensait depuis longtemps \u2014 bien s\u00fbr \u2014 \u00e0 basculer sous Windows.<\/p>\n\n<p>Ou sur Linux, <em>OS<\/em> qu&#8217;il conna\u00eet comme sa poche. D&#8217;ailleurs, n&#8217;a-t-il pas cod\u00e9 une partie du <em>kernel<\/em>\u2026? Voire enseign\u00e9 \u00e0 <em>Gates<\/em> comment utiliser <em>Word<\/em> correctement\u2026?!<\/p>\n\n<p>Au fond, j&#8217;aurais presque piti\u00e9 de lui s&#8217;il ne passait pas son temps \u00e0 nous faire la morale. Il pompe, il copie, il cite rarement ses sources et, tout en sirotant son caf\u00e9, il vient nous expliquer, la bouche en c\u0153ur et le regard grave qu&#8217;il faut citer ses sources. Bref, d\u00e9guis\u00e9 en incorruptible, il a \u00e9lev\u00e9 au rang d&#8217;art le copier-coller\u2026!<\/p>\n\n<p>La preuve\u2026? il m&#8217;a m\u00eame vol\u00e9 cet article !<\/p>\n\n<p><img decoding=\"async\" src=\"http:\/\/davidbosman.fr\/blog\/wp-content\/uploads\/2013\/03\/tree.jpg\" alt=\"Tree\" \/><br \/>\nPhoto &copy; @urbanbike<\/p>\n","protected":false},"excerpt":{"rendered":"<p>Tsssssss\u2026! Le probl\u00e8me des mythes vivants d\u00e8s qu&#8217;on y regarde d&#8217;un peu plus pr\u00e8s, c&#8217;est que l&#8217;on r\u00e9alise qu&#8217;ils sont bouff\u00e9s\u2026 aux mites ! Prenez @urbanbike : il m&#8217;aura fallu du temps pour ouvrir les yeux. Quelle d\u00e9convenue ! Quelle &hellip; <a href=\"https:\/\/www.davidbosman.fr\/blog\/2013\/04\/01\/ces-glands-qui-font-du-bruit-en-tombant\/\">Read more &rarr;<\/a><\/p>","protected":false},"author":2,"featured_media":0,"comment_status":"closed","ping_status":"open","sticky":false,"template":"","format":"standard","meta":{"footnotes":""},"categories":[1],"tags":[],"class_list":["post-13921","post","type-post","status-publish","format-standard","hentry","category-general"],"_links":{"self":[{"href":"https:\/\/www.davidbosman.fr\/blog\/wp-json\/wp\/v2\/posts\/13921","targetHints":{"allow":["GET"]}}],"collection":[{"href":"https:\/\/www.davidbosman.fr\/blog\/wp-json\/wp\/v2\/posts"}],"about":[{"href":"https:\/\/www.davidbosman.fr\/blog\/wp-json\/wp\/v2\/types\/post"}],"author":[{"embeddable":true,"href":"https:\/\/www.davidbosman.fr\/blog\/wp-json\/wp\/v2\/users\/2"}],"replies":[{"embeddable":true,"href":"https:\/\/www.davidbosman.fr\/blog\/wp-json\/wp\/v2\/comments?post=13921"}],"version-history":[{"count":4,"href":"https:\/\/www.davidbosman.fr\/blog\/wp-json\/wp\/v2\/posts\/13921\/revisions"}],"predecessor-version":[{"id":13928,"href":"https:\/\/www.davidbosman.fr\/blog\/wp-json\/wp\/v2\/posts\/13921\/revisions\/13928"}],"wp:attachment":[{"href":"https:\/\/www.davidbosman.fr\/blog\/wp-json\/wp\/v2\/media?parent=13921"}],"wp:term":[{"taxonomy":"category","embeddable":true,"href":"https:\/\/www.davidbosman.fr\/blog\/wp-json\/wp\/v2\/categories?post=13921"},{"taxonomy":"post_tag","embeddable":true,"href":"https:\/\/www.davidbosman.fr\/blog\/wp-json\/wp\/v2\/tags?post=13921"}],"curies":[{"name":"wp","href":"https:\/\/api.w.org\/{rel}","templated":true}]}}