{"id":13826,"date":"2013-02-12T18:53:43","date_gmt":"2013-02-12T17:53:43","guid":{"rendered":"http:\/\/davidbosman.fr\/blog\/?p=13826"},"modified":"2013-02-12T18:55:48","modified_gmt":"2013-02-12T17:55:48","slug":"une-autre-time-machine-signee-apple","status":"publish","type":"post","link":"https:\/\/www.davidbosman.fr\/blog\/2013\/02\/12\/une-autre-time-machine-signee-apple\/","title":{"rendered":"Une autre Time Machine sign\u00e9e Apple"},"content":{"rendered":"<p><img decoding=\"async\" src=\"http:\/\/davidbosman.fr\/blog\/wp-content\/uploads\/2013\/02\/oldies.png\" alt=\"Oldies\" \/><\/p>\n\n<p>Le <em>&#8217;09<\/em>, dans <em>iWork&#8217;09<\/em>, c&#8217;est pour <em>2009<\/em>. L&#8217;ann\u00e9e de sortie de la derni\u00e8re version de la suite bureautique de Apple sur Mac.<\/p>\n\n<p>2009&#8230; Y a un million d&#8217;ann\u00e9es de \u00e7a.<\/p>\n\n<p>On r\u00eavera un instant d&#8217;un <em>iWork&#8217;13<\/em> \u2014 avec un <em>Pages<\/em> (je n&#8217;utilise ni <em>Numbers<\/em> ni <em>Keynote<\/em>) qui supporterait Markdown; un <em>Pages<\/em> qui permettrait un vrai travail collaboratif et qui donnerait son sens \u00e0 iCloud (il te suffit juste de <em>copier<\/em> Microsoft Office 2013 et Office 365, Apple); un <em>Pages<\/em> qui sortirait de la logique obsol\u00e8te de la <a href=\"http:\/\/davidbosman.fr\/blog\/2012\/08\/18\/quel-est-lavenir-de-pages\/\">page pour, enfin, entrer dans celle de l&#8217;\u00e9cran<\/a>; un <em>Pages<\/em> <a href=\"http:\/\/davidbosman.fr\/blog\/2012\/08\/05\/pages-et-icloud-une-premiere-impression\/\">qui respecterait ses propres styles entre la version OS X et iOS<\/a> \u2014 avant de retourner bosser, dans TextMate + Marked, et cesser d&#8217;esp\u00e9rer que Apple se soucie un jour d&#8217;autre chose que de nos loisirs&#8230;<\/p>\n\n<div align=\"center\"><img decoding=\"async\" src=\"http:\/\/davidbosman.fr\/images\/zen.png\" alt=\"\" zen=\"\" style=\"border: 0px none ;\"><\/div>\n\n<p>Oui, je suis (un peu) de mauvaise foi. Oui, je suis en mode r\u00e2leur. Oui, j&#8217;aimerais pouvoir aimer Pages.<\/p>\n","protected":false},"excerpt":{"rendered":"<p>Le &#8217;09, dans iWork&#8217;09, c&#8217;est pour 2009. L&#8217;ann\u00e9e de sortie de la derni\u00e8re version de la suite bureautique de Apple sur Mac. 2009&#8230; Y a un million d&#8217;ann\u00e9es de \u00e7a. On r\u00eavera un instant d&#8217;un iWork&#8217;13 \u2014 avec un Pages &hellip; <a href=\"https:\/\/www.davidbosman.fr\/blog\/2013\/02\/12\/une-autre-time-machine-signee-apple\/\">Read more &rarr;<\/a><\/p>","protected":false},"author":2,"featured_media":0,"comment_status":"closed","ping_status":"open","sticky":false,"template":"","format":"standard","meta":{"footnotes":""},"categories":[9],"tags":[39,21],"class_list":["post-13826","post","type-post","status-publish","format-standard","hentry","category-mac","tag-apple","tag-ecriture"],"_links":{"self":[{"href":"https:\/\/www.davidbosman.fr\/blog\/wp-json\/wp\/v2\/posts\/13826","targetHints":{"allow":["GET"]}}],"collection":[{"href":"https:\/\/www.davidbosman.fr\/blog\/wp-json\/wp\/v2\/posts"}],"about":[{"href":"https:\/\/www.davidbosman.fr\/blog\/wp-json\/wp\/v2\/types\/post"}],"author":[{"embeddable":true,"href":"https:\/\/www.davidbosman.fr\/blog\/wp-json\/wp\/v2\/users\/2"}],"replies":[{"embeddable":true,"href":"https:\/\/www.davidbosman.fr\/blog\/wp-json\/wp\/v2\/comments?post=13826"}],"version-history":[{"count":2,"href":"https:\/\/www.davidbosman.fr\/blog\/wp-json\/wp\/v2\/posts\/13826\/revisions"}],"predecessor-version":[{"id":13828,"href":"https:\/\/www.davidbosman.fr\/blog\/wp-json\/wp\/v2\/posts\/13826\/revisions\/13828"}],"wp:attachment":[{"href":"https:\/\/www.davidbosman.fr\/blog\/wp-json\/wp\/v2\/media?parent=13826"}],"wp:term":[{"taxonomy":"category","embeddable":true,"href":"https:\/\/www.davidbosman.fr\/blog\/wp-json\/wp\/v2\/categories?post=13826"},{"taxonomy":"post_tag","embeddable":true,"href":"https:\/\/www.davidbosman.fr\/blog\/wp-json\/wp\/v2\/tags?post=13826"}],"curies":[{"name":"wp","href":"https:\/\/api.w.org\/{rel}","templated":true}]}}