{"id":13795,"date":"2013-01-25T20:06:41","date_gmt":"2013-01-25T19:06:41","guid":{"rendered":"http:\/\/davidbosman.fr\/blog\/?p=13795"},"modified":"2013-01-25T20:07:30","modified_gmt":"2013-01-25T19:07:30","slug":"jobs-et-apple-entre-pas-sciencefiction-et-delire","status":"publish","type":"post","link":"https:\/\/www.davidbosman.fr\/blog\/2013\/01\/25\/jobs-et-apple-entre-pas-sciencefiction-et-delire\/","title":{"rendered":"Jobs et Apple : entre (pas science) fiction et d\u00e9lire"},"content":{"rendered":"<p><a href=\"http:\/\/gizmodo.com\/5978777\">Si l&#8217;on en croit Wozniak<\/a>, la premi\u00e8re sc\u00e8ne du film consacr\u00e9 \u00e0 la vie Steve Jobs n&#8217;a jamais eu lieu. C&#8217;est con, pour une biographie.<\/p>\n\n<p>Mais \u00e7a n&#8217;a rien de surprenant qu&#8217;un biopic consacr\u00e9 \u00e0 Steve Jobs ne soit qu&#8217;une fiction, aussi coup\u00e9 de la r\u00e9alit\u00e9 que les &#8220;analyses&#8221; de certains experts quant \u00e0 la sant\u00e9 d&#8217;<a href=\"http:\/\/davidbosman.fr\/blog\/2013\/01\/24\/rip-rejoice-in-peace-apple\/\">une soci\u00e9t\u00e9 Apple qui n&#8217;a jamais exist\u00e9 que dans leur imagination<\/a>.<\/p>\n\n<p>Ouais, c&#8217;\u00e9tait facile. Je sais.<\/p>\n","protected":false},"excerpt":{"rendered":"<p>Si l&#8217;on en croit Wozniak, la premi\u00e8re sc\u00e8ne du film consacr\u00e9 \u00e0 la vie Steve Jobs n&#8217;a jamais eu lieu. C&#8217;est con, pour une biographie. Mais \u00e7a n&#8217;a rien de surprenant qu&#8217;un biopic consacr\u00e9 \u00e0 Steve Jobs ne soit qu&#8217;une &hellip; <a href=\"https:\/\/www.davidbosman.fr\/blog\/2013\/01\/25\/jobs-et-apple-entre-pas-sciencefiction-et-delire\/\">Read more &rarr;<\/a><\/p>","protected":false},"author":2,"featured_media":0,"comment_status":"closed","ping_status":"open","sticky":false,"template":"","format":"standard","meta":{"footnotes":""},"categories":[9],"tags":[39],"class_list":["post-13795","post","type-post","status-publish","format-standard","hentry","category-mac","tag-apple"],"_links":{"self":[{"href":"https:\/\/www.davidbosman.fr\/blog\/wp-json\/wp\/v2\/posts\/13795","targetHints":{"allow":["GET"]}}],"collection":[{"href":"https:\/\/www.davidbosman.fr\/blog\/wp-json\/wp\/v2\/posts"}],"about":[{"href":"https:\/\/www.davidbosman.fr\/blog\/wp-json\/wp\/v2\/types\/post"}],"author":[{"embeddable":true,"href":"https:\/\/www.davidbosman.fr\/blog\/wp-json\/wp\/v2\/users\/2"}],"replies":[{"embeddable":true,"href":"https:\/\/www.davidbosman.fr\/blog\/wp-json\/wp\/v2\/comments?post=13795"}],"version-history":[{"count":1,"href":"https:\/\/www.davidbosman.fr\/blog\/wp-json\/wp\/v2\/posts\/13795\/revisions"}],"predecessor-version":[{"id":13796,"href":"https:\/\/www.davidbosman.fr\/blog\/wp-json\/wp\/v2\/posts\/13795\/revisions\/13796"}],"wp:attachment":[{"href":"https:\/\/www.davidbosman.fr\/blog\/wp-json\/wp\/v2\/media?parent=13795"}],"wp:term":[{"taxonomy":"category","embeddable":true,"href":"https:\/\/www.davidbosman.fr\/blog\/wp-json\/wp\/v2\/categories?post=13795"},{"taxonomy":"post_tag","embeddable":true,"href":"https:\/\/www.davidbosman.fr\/blog\/wp-json\/wp\/v2\/tags?post=13795"}],"curies":[{"name":"wp","href":"https:\/\/api.w.org\/{rel}","templated":true}]}}