{"id":13774,"date":"2013-01-23T17:19:45","date_gmt":"2013-01-23T16:19:45","guid":{"rendered":"http:\/\/davidbosman.fr\/blog\/?p=13774"},"modified":"2013-01-23T20:28:40","modified_gmt":"2013-01-23T19:28:40","slug":"courrier-dun-lecteur-rouvrir-les-commentaires-nommer-les-fichiers-iphoneographie","status":"publish","type":"post","link":"https:\/\/www.davidbosman.fr\/blog\/2013\/01\/23\/courrier-dun-lecteur-rouvrir-les-commentaires-nommer-les-fichiers-iphoneographie\/","title":{"rendered":"Courrier d&#8217;un lecteur : rouvrir les commentaires, nommer les fichiers, iphon\u00e9ographie"},"content":{"rendered":"<p>J&#8217;ai re\u00e7u ce courrier de Thierry, un tout nouveau lecteur du blog. Je pense que ses questions, ainsi que mes r\u00e9ponses, peuvent en int\u00e9resser d&#8217;autres. Voici :<\/p>\n\n<blockquote>\n  <p>Bonjour David,<br>\n  Je ne te connais que depuis&#8230;. quelques heures. lol.<br>\n  \u00e7a ne fait pas long, pour vouloir t&#8217;\u00e9crire un ptit mail.<br>\n  (&#8230;)<br>\n  voil\u00e0 que je passe une heure de boulot tr\u00e8s intense (mon chef te remerciera), \u00e0 lire les derniers billets de ton blog, et ceux \u00e0 propos de TextExpander, et autre fa\u00e7on d&#8217;organiser tes notes.<br>\n  (o\u00f9 il y avait encore plein de commentaires)<br>\n  Je voulais poser une question de plus, et pas possible.<br>\n  (&#8230;)<br>\n  Je recherche sur google pour trouver l&#8217;article de fermeture des commentaires.\n  J&#8217;ai pas tout bien compris qui a pourri ton blog, mais c&#8217;est bien dommage d&#8217;avoir tout ferm\u00e9 juste pour 3 ou 4 cons.<\/p>\n<\/blockquote>\n\n<p>Moins que \u00e7a : 2 cons.<\/p>\n\n<p><img decoding=\"async\" src=\"http:\/\/davidbosman.fr\/blog\/wp-content\/uploads\/2013\/01\/proportion.png\" alt=\"Proportion\" \/><br \/>\n<em>2 sur 8475 interventions. Oui, je suis radical.<\/em><\/p>\n\n<p>Que veux-tu, ce blog c&#8217;est chez moi. Ce n\u2019est pas un jardin public avec des bancs o\u00f9 on peut s&#8217;assoir (mais que certains s&#8217;estiment en droit de taguer pour marquer leur territoire), ce n\u2019est pas une pelouse publique sur laquelle on peut s&#8217;allonger en \u00e9t\u00e9 (mais sur laquelle certains trouvent normal d&#8217;y jeter leurs vieux papiers, parce que &#8220;le balayeur balaiera&#8221;), c&#8217;est pas un joli bosquet fleuri (mais derri\u00e8re lequel certains se soulagent).<\/p>\n\n<p>Le blog, ce blog, c&#8217;est ma maison en ligne et personne ne peut y entrer pour venir y cracher par terre.<\/p>\n\n<p>Avoir laiss\u00e9 la porte ouverte ces derni\u00e8res ann\u00e9es a \u00e9t\u00e9 une exp\u00e9rience g\u00e9niale  \u2014 il suffit de voir la qualit\u00e9 des interventions \u2014 mais l&#8217;exp\u00e9rience s&#8217;est termin\u00e9e avec les \u00e9ructations imb\u00e9ciles de ses deux andouilles.<\/p>\n\n<blockquote>\n  <p>\u00e7a me fait tout bizarre de ne pas pouvoir r\u00e9agir, ne pas pouvoir poser une question, etc.<br><\/p>\n<\/blockquote>\n\n<p>Ha, mais tu peux r\u00e9agir et poser des questions, au moins par <a href=\"http:\/\/davidbosman.fr\/blog\/contact\/\">email<\/a> ou sur <a href=\"https:\/\/twitter.com\/david_bosman\">Twitter<\/a>.<\/p>\n\n<blockquote>\n  <p>Ok, c&#8217;est possible par email. Mais quid de la lecture de ma question par tes autres visiteurs? quid de l&#8217;interaction ?<\/p>\n<\/blockquote>\n\n<p>L&#8217;interaction ne doit pas \u00eatre confondue avec l&#8217;imm\u00e9diatet\u00e9 et la publicit\u00e9.<\/p>\n\n<p>Des dialogues int\u00e9ressants se sont \u00e9tablis par emails, en priv\u00e9. J&#8217;ai re\u00e7u des remarques pertinentes, positives ou non. Par email, je peux prendre le temps de r\u00e9pondre ou, tout simplement, ne pas r\u00e9pondre du tout aux trolls : cela \u00e9touffe la pol\u00e9mique dans l&#8217;oeuf, et il n&#8217;y a aucune pollution sur le blog.<\/p>\n\n<p>En plus, l&#8217;email est un excellent filtre pour limiter les nuisances. Les deux rigolos qui m&#8217;ont pouss\u00e9 \u00e0 fermer les commentaires ne m&#8217;ont jamais \u00e9crit&#8230;<\/p>\n\n<p>Enfin, je peux toujours r\u00e9agir et pas seulement en y r\u00e9pondant par un autre email : je peux rebondir publiquement sur le blog en mettant \u00e0 jour un billet, ou en publiant un nouveau \u2014 comme cette fois \ud83d\ude09<\/p>\n\n<p>Bref, les commentaires n&#8217;ont jamais \u00e9t\u00e9 n\u00e9cessaires pour pouvoir dialoguer.<\/p>\n\n<p>Quant au d\u00e9sir d&#8217;\u00eatre lisible publiquement&#8230; Je r\u00e9it\u00e8re le conseil que je donne depuis des ann\u00e9es : le Web, c&#8217;est nous \u2014 c&#8217;est moi et c&#8217;est chacun de vous. Exprimez-vous.<\/p>\n\n<p>Il n&#8217;a jamais \u00e9t\u00e9 aussi facile de cr\u00e9er un blog, sans rien conna\u00eetre aux aspects techniques. Cr\u00e9ez votre blog, votre espace et <em>discutons ensemble<\/em>, par blogs interpos\u00e9s.<\/p>\n\n<blockquote>\n  <p>Je ne te connais m\u00eame pas depuis plus de 2h, et je me suis quand m\u00eame pris \u00e0 t&#8217;\u00e9crire un mail.<\/p>\n<\/blockquote>\n\n<p>Merci.<\/p>\n\n<blockquote>\n  <p>J&#8217;esp\u00e8re que \u00e7a p\u00e8sera un peu dans la balance, pour r\u00e9ouvrir les commentaires.<\/p>\n<\/blockquote>\n\n<p>Non. Comme je te disais en priv\u00e9 : j&#8217;appr\u00e9cie ta remarque, mais ne plus me farcir d&#8217;abrutis \u2014 aussi peu nombreux soient-ils \u2014 sur mon site personnel a \u00e9t\u00e9 une lib\u00e9ration. Pas de marche arri\u00e8re \u00e0 l&#8217;horizon.<\/p>\n\n<blockquote>\n  <p>J&#8217;ai failli oubli\u00e9 ma question.<br>\n  J&#8217;ai lu et je vais relire avec attention, tes billets sur ta fa\u00e7on de classer et nommer.<br>\n  Je me demandais pourquoi tu utilises 2013-0123<br>\n  par rapport \u00e0 Anthony qui fait 20130123<br>\n  (ou par rapport \u00e0 moi, 2013-01-23, car j&#8217;ai du mal \u00e0 lire la date en &#8220;tout attach\u00e9)<br><\/p>\n<\/blockquote>\n\n<p>C&#8217;est un d\u00e9coupage qui me convient pour parcourir rapidement les notes (et facilement les classer chronologiquement) : XXXX-XXXX, ann\u00e9e + mois\/jour. J&#8217;ai rarement besoin de rep\u00e9rer le jour au 1er coup d&#8217;oeil, par contre l&#8217;ann\u00e9e et le mois sont des points de rep\u00e8re essentiels pour moi. Et j&#8217;aime que ces deux-l\u00e0 soient s\u00e9par\u00e9s, c&#8217;est plus lisible.<\/p>\n\n<blockquote>\n  <p>De m\u00eame, tu mets des tirets au d\u00e9but, pour W ou DRAFT<br>\n  mais pas dans la suite&#8230;<br>\n  une raison particuli\u00e8re ?<br>\n  2013-0123-W- mqldk mqlkjsdf.markdown<\/p>\n<\/blockquote>\n\n<p>M\u00eame chose : les tirets relient ensemble la partie &#8220;m\u00e9tadonn\u00e9es&#8221; du nom du fichier, c&#8217;est purement visuel : \u00e7a cr\u00e9e un bloc coh\u00e9rent. Le nom descriptif du fichier lui -m\u00eame est libre.<\/p>\n\n<p>Note que ce n&#8217;est pas id\u00e9al : les espaces dans les noms de fichiers posent toujours des probl\u00e8mes quand tu veux les mettre en ligne. Je me dis depuis des ann\u00e9es que je devrais changer, par exemple utiliser &#8220;_&#8221; au lieu de l&#8217;espace, mais bon&#8230;<\/p>\n\n<blockquote>\n  <p>PS: super le panorama vertical du louvre<\/p>\n<\/blockquote>\n\n<p><a href=\"http:\/\/davidbosman.fr\/blog\/2012\/12\/17\/qui-a-dit-quun-panorama-devait-etre-horizontal\/\">Merci<\/a>.<\/p>\n\n<blockquote>\n  <p>PPS: super les photos avec iPhone.<br>\n  Je l&#8217;utilise plus en plus, tout le temps.<br>\n  D&#8217;ailleurs, faut que je me remette \u00e0 tester les Apps que tu recommandes.<\/p>\n<\/blockquote>\n\n<p>Oui ! Et plus vite que \u00e7a !<\/p>\n\n<p>Plus s\u00e9rieusement, si j&#8217;en parle c&#8217;est, bien entendu, parce que je leur trouve des qualit\u00e9s. Mais n&#8217;imaginez pas qu&#8217;elles soient indispensables. J&#8217;en ai d\u00e9j\u00e0 parl\u00e9 ici : commencez par faire le tour de ce qui est livr\u00e9 avec l&#8217;iPhone \u2014 Appareil photo, l&#8217;app par d\u00e9faut de l&#8217;iPhone, reste l&#8217;application que j&#8217;utilise le plus \u2014 et si vous sentez des limites ou vous d\u00e9couvrez des usages pas couverts, regardez ce qui existe ailleurs.<\/p>\n\n<p>Ce conseil ne doit pas non plus vous emp\u00eacher de c\u00e9der \u00e0 un coup de coeur : il y a des apps qui sont juste g\u00e9niales, m\u00eame si pas indispensables et qui ouvrent des horizons: c&#8217;est aussi \u00e7a se laisser surprendre. C&#8217;est aussi pour \u00e7a que j&#8217;adore me perdre dans les rues de Paris (ou d&#8217;ailleurs) : \u00e7a fait des images et des rencontres inattendues \ud83d\ude09<\/p>\n\n<p><strong>Edit @ 20h27 :<\/strong> Thierry me demande d&#8217;ajouter ceci :<\/p>\n\n<blockquote>\n  <p>Si tu veux bien rajouter une conclusion \u00e0 ton billet :\n  <br><br>\n  Merci David de m&#8217;avoir fait d\u00e9couvert une nouvelle fa\u00e7on de blogguer !\n  Je ne le croyais pas au d\u00e9but, mais \u00e7a marche bel et bien (sans les\n  commentaires et avec les emails)<br><br>\n  \u00c7a m&#8217;a m\u00eame donn\u00e9 envie de r\u00e9ouvrir mon blog.<\/p>\n<\/blockquote>\n","protected":false},"excerpt":{"rendered":"<p>J&#8217;ai re\u00e7u ce courrier de Thierry, un tout nouveau lecteur du blog. Je pense que ses questions, ainsi que mes r\u00e9ponses, peuvent en int\u00e9resser d&#8217;autres. Voici : Bonjour David, Je ne te connais que depuis&#8230;. quelques heures. lol. \u00e7a ne &hellip; <a href=\"https:\/\/www.davidbosman.fr\/blog\/2013\/01\/23\/courrier-dun-lecteur-rouvrir-les-commentaires-nommer-les-fichiers-iphoneographie\/\">Read more &rarr;<\/a><\/p>","protected":false},"author":2,"featured_media":0,"comment_status":"closed","ping_status":"open","sticky":false,"template":"","format":"standard","meta":{"footnotes":""},"categories":[1],"tags":[],"class_list":["post-13774","post","type-post","status-publish","format-standard","hentry","category-general"],"_links":{"self":[{"href":"https:\/\/www.davidbosman.fr\/blog\/wp-json\/wp\/v2\/posts\/13774","targetHints":{"allow":["GET"]}}],"collection":[{"href":"https:\/\/www.davidbosman.fr\/blog\/wp-json\/wp\/v2\/posts"}],"about":[{"href":"https:\/\/www.davidbosman.fr\/blog\/wp-json\/wp\/v2\/types\/post"}],"author":[{"embeddable":true,"href":"https:\/\/www.davidbosman.fr\/blog\/wp-json\/wp\/v2\/users\/2"}],"replies":[{"embeddable":true,"href":"https:\/\/www.davidbosman.fr\/blog\/wp-json\/wp\/v2\/comments?post=13774"}],"version-history":[{"count":3,"href":"https:\/\/www.davidbosman.fr\/blog\/wp-json\/wp\/v2\/posts\/13774\/revisions"}],"predecessor-version":[{"id":13777,"href":"https:\/\/www.davidbosman.fr\/blog\/wp-json\/wp\/v2\/posts\/13774\/revisions\/13777"}],"wp:attachment":[{"href":"https:\/\/www.davidbosman.fr\/blog\/wp-json\/wp\/v2\/media?parent=13774"}],"wp:term":[{"taxonomy":"category","embeddable":true,"href":"https:\/\/www.davidbosman.fr\/blog\/wp-json\/wp\/v2\/categories?post=13774"},{"taxonomy":"post_tag","embeddable":true,"href":"https:\/\/www.davidbosman.fr\/blog\/wp-json\/wp\/v2\/tags?post=13774"}],"curies":[{"name":"wp","href":"https:\/\/api.w.org\/{rel}","templated":true}]}}