{"id":13762,"date":"2013-01-19T23:02:58","date_gmt":"2013-01-19T22:02:58","guid":{"rendered":"http:\/\/davidbosman.fr\/blog\/?p=13762"},"modified":"2013-01-19T23:02:58","modified_gmt":"2013-01-19T22:02:58","slug":"obsolescence-deprogrammee","status":"publish","type":"post","link":"https:\/\/www.davidbosman.fr\/blog\/2013\/01\/19\/obsolescence-deprogrammee\/","title":{"rendered":"Obsolescence (d\u00e9)programm\u00e9e"},"content":{"rendered":"<blockquote>\n  <p>l\u2019obsolescence programm\u00e9e des produits, maintes fois d\u00e9cri\u00e9e ci et l\u00e0, se r\u00e9sum\u00e9 chez nous au transfert du mat\u00e9riel entre membres de la tribu\u2026<\/p>\n<\/blockquote>\n\n<p>Merci <a href=\"http:\/\/www.urbanbike.com\/index.php\/site\/un-an-avec-un-iphone-4s\">@urbanbike<\/a> pour cette remarque et ce geste si pleins de bon sens.<\/p>\n\n<p>2012 semble avoir \u00e9t\u00e9 l&#8217;ann\u00e9e de &#8220;l&#8217;obsolescence programm\u00e9e&#8221; ou plut\u00f4t celle de sa critique par les consommateurs soucieux de sauver la plan\u00e8te et de paresseusement d\u00e9signer un coupable dans la m\u00e9chante industrie \u2014 responsable de tous nos maux \u2014 et tout particuli\u00e8rement dans cette odieuse Apple qui nous incite tant \u00e0 consommer, quand la seule vraie chose \u00e0 faire c&#8217;\u00e9tait de se demander : et <em>moi<\/em>, je fais quoi ?<\/p>\n\n<p>Bref, rien ne change : je ne suis qu&#8217;un r\u00e2leur incapable d&#8217;appr\u00e9cier la prise de con<s>science<\/s> de ses con<s>citoyens<\/s>, et je ne suis qu&#8217;un autre, de con \u2014 qui s&#8217;imagine que les vilains sont toujours facilement reconnaissables, et qu&#8217;ils sont toujours <em>un autre<\/em>, comme dans ces con<s>tes<\/s> de f\u00e9es.<\/p>\n\n<p><img decoding=\"async\" src=\"http:\/\/davidbosman.fr\/blog\/wp-content\/uploads\/2013\/01\/conte.jpg\" alt=\"conte\" \/><\/p>\n\n<div align=\"center\"><img decoding=\"async\" src=\"http:\/\/davidbosman.fr\/images\/zen.png\" alt=\"\" zen=\"\" style=\"border: 0px none ;\"><\/div>\n\n<p>Pour rebondir sur le billet de Robert Falck \u00e0 propos de l&#8217;iPhone 3G S, \u00e0 l&#8217;origine de tout \u00e7a, et d\u00e9montrer que je peux faire autre chose que r\u00e2ler : comme lui, je reste persuad\u00e9 que sa forme n&#8217;est pas loin d&#8217;\u00eatre id\u00e9ale pour une bonne prise en main \u2014 m\u00eame si j&#8217;appr\u00e9cie le plus grand \u00e9cran Retina de l&#8217;iPhone 5.<\/p>\n\n<p>Et il me semble aussi \u00e9vident que sa coque est bien plus r\u00e9sistante que celle des mod\u00e8les plus r\u00e9cents. Mon iPhone 5 a eu sa premi\u00e8re rayure dans la demi-journ\u00e9e suivant son achat \u2014 la premi\u00e8re d&#8217;une d\u00e9j\u00e0 trop longue s\u00e9rie : son biseau en aluminium \u00e9tant peut-\u00eatre superbe, mais bien trop fragile.<\/p>\n\n<p>Zut. J&#8217;ai encore r\u00e2l\u00e9.<\/p>\n","protected":false},"excerpt":{"rendered":"<p>l\u2019obsolescence programm\u00e9e des produits, maintes fois d\u00e9cri\u00e9e ci et l\u00e0, se r\u00e9sum\u00e9 chez nous au transfert du mat\u00e9riel entre membres de la tribu\u2026 Merci @urbanbike pour cette remarque et ce geste si pleins de bon sens. 2012 semble avoir \u00e9t\u00e9 &hellip; <a href=\"https:\/\/www.davidbosman.fr\/blog\/2013\/01\/19\/obsolescence-deprogrammee\/\">Read more &rarr;<\/a><\/p>","protected":false},"author":2,"featured_media":0,"comment_status":"closed","ping_status":"open","sticky":false,"template":"","format":"standard","meta":{"footnotes":""},"categories":[9,11],"tags":[39,74,4],"class_list":["post-13762","post","type-post","status-publish","format-standard","hentry","category-mac","category-chose-a-dit","tag-apple","tag-iphoneography","tag-societe"],"_links":{"self":[{"href":"https:\/\/www.davidbosman.fr\/blog\/wp-json\/wp\/v2\/posts\/13762","targetHints":{"allow":["GET"]}}],"collection":[{"href":"https:\/\/www.davidbosman.fr\/blog\/wp-json\/wp\/v2\/posts"}],"about":[{"href":"https:\/\/www.davidbosman.fr\/blog\/wp-json\/wp\/v2\/types\/post"}],"author":[{"embeddable":true,"href":"https:\/\/www.davidbosman.fr\/blog\/wp-json\/wp\/v2\/users\/2"}],"replies":[{"embeddable":true,"href":"https:\/\/www.davidbosman.fr\/blog\/wp-json\/wp\/v2\/comments?post=13762"}],"version-history":[{"count":0,"href":"https:\/\/www.davidbosman.fr\/blog\/wp-json\/wp\/v2\/posts\/13762\/revisions"}],"wp:attachment":[{"href":"https:\/\/www.davidbosman.fr\/blog\/wp-json\/wp\/v2\/media?parent=13762"}],"wp:term":[{"taxonomy":"category","embeddable":true,"href":"https:\/\/www.davidbosman.fr\/blog\/wp-json\/wp\/v2\/categories?post=13762"},{"taxonomy":"post_tag","embeddable":true,"href":"https:\/\/www.davidbosman.fr\/blog\/wp-json\/wp\/v2\/tags?post=13762"}],"curies":[{"name":"wp","href":"https:\/\/api.w.org\/{rel}","templated":true}]}}