{"id":13564,"date":"2012-12-16T20:37:57","date_gmt":"2012-12-16T19:37:57","guid":{"rendered":"http:\/\/davidbosman.fr\/blog\/2012\/12\/16\/flickr\/"},"modified":"2012-12-21T20:47:37","modified_gmt":"2012-12-21T19:47:37","slug":"flickr","status":"publish","type":"post","link":"https:\/\/www.davidbosman.fr\/blog\/2012\/12\/16\/flickr\/","title":{"rendered":"Flickr"},"content":{"rendered":"<p>Je l&#8217;ai dit dans le pr\u00e9c\u00e9dent billet : cette mise \u00e0 jour me pla\u00eet tant que j&#8217;ai r\u00e9activ\u00e9 mon compte Pro et d\u00e9cid\u00e9 de stocker \u2014 <a href=\"http:\/\/www.flickr.com\/photos\/david_b\/\">et de partager<\/a> \u2014 mes images sur Flickr.<\/p>\n\n<h3>Pourquoi ?<\/h3>\n\n<ul>\n<li>Parce que Flickr semble sortir du coma. Trop tard ? Nous verrons bien, je veux bien courir ce risque. <\/li>\n<li>Parce que l&#8217;application iPhone est enfin sympa \u00e0 utiliser \u2014 je ne vais pas vous faire <a href=\"http:\/\/blog.flickr.net\/en\/2012\/12\/12\/our-latest-flickr-iphone-app\/\">la liste des nouveaut\u00e9s<\/a>. <\/li>\n<li>Parce qu&#8217;on n\u2019est pas limit\u00e9 au format carr\u00e9.<br \/>\n<img decoding=\"async\" src=\"http:\/\/davidbosman.fr\/blog\/wp-content\/uploads\/2012\/12\/flickr_2.png\" alt=\"Flickr 2\" \/><\/li>\n<li>Parce qu&#8217;on peut t\u00e9l\u00e9charger en pleine r\u00e9solution.<\/li>\n<li>Parce qu&#8217;il y a des groupes, des tags, des sets, etc. bien pratiques pour organiser mes images.<\/li>\n<li>Parce qu&#8217;on contr\u00f4le la visibilit\u00e9 des images que l&#8217;on publie : publiques ou priv\u00e9es (acc\u00e8s pour la famille ou les amis).<\/li>\n<li>Parce qu&#8217;ont peut facilement partager ses photos sur Twitter (ou Facebook, si vous y tenez vraiment) au moment de les publier, ou apr\u00e8s coup.<\/li>\n<li>Parce qu&#8217;on peut publier ses photos sans se retrouver <strong>enferm\u00e9<\/strong> dans un silo accessible uniquement depuis l&#8217;iPhone. Et parce qu&#8217;on peut commenter.<br \/>\nMes images, sur Flickr, sont accessibles depuis un iPhone, un iPad mais aussi depuis n&#8217;importe quel navigateur Web, donc depuis n&#8217;importe quel ordinateur.\n\u00c7a n&#8217;a l&#8217;air de rien, mais c&#8217;est tr\u00e8s pratique pour partager des photos avec des personnes qui n&#8217;ont pas d&#8217;iPhone \u2014 allo, <em>Starmatic<\/em> ? <\/li>\n<li>Parce qu&#8217;il existe des solutions pour exporter, et r\u00e9cup\u00e9rer, toutes les photos \u2014 si je d\u00e9cide, un soir de d\u00e9prime, de quitter Flickr.<\/li>\n<li>Parce que, lorsque je suis sur le Mac, Flickr est int\u00e9gr\u00e9 dans Aperture, iPhoto ou encore depuis le Finder. Ici, depuis Aper\u00e7u, j&#8217;envoie deux photos sur mon compte :<br \/>\n<img decoding=\"async\" src=\"http:\/\/davidbosman.fr\/blog\/wp-content\/uploads\/2012\/12\/zoup.png\" alt=\"Zoup\" \/><br \/>\n<em>Difficile de faire plus simple.<\/em><\/li>\n<\/ul>\n\n<h3>Des trucs \u00e0 am\u00e9liorer ? Oui<\/h3>\n\n<ul>\n<li>Le site Web est (trop) vieillot. Il est (trop) blanc. Il est (trop) moche. Il est aussi (vraiment trop) bord\u00e9lique. Faut simplifier.<br \/>\nSi Flickr doit pomper quelque chose d&#8217;Instagram, ce n&#8217;est pas les filtres, mais bien la page d&#8217;accueil : des images, juste des images&#8230; Un peu dans le genre de ce que propose la nouvelle app sur iPhone.<\/li>\n<li>Ajouter des filtres ? Si on veut, mais alors un truc vraiment original&#8230;<\/li>\n<li>L&#8217;upload en 3G est tr\u00e8s lent (du moins chez Free). C&#8217;est sans doute le prix \u00e0 payer pour le t\u00e9l\u00e9chargement en pleine r\u00e9solution, mais cela peut prendre de longues minutes et faire fondre l&#8217;autonomie de la batterie.<\/li>\n<\/ul>\n\n<h3>Astuce gratuite, rien que pour toi, <em>mon<\/em> lecteur bien aim\u00e9<\/h3>\n\n<p>Sur iPad, pour consulter Flickr, je te recommande Flickr Studio (<a href=\"https:\/\/itunes.apple.com\/fr\/app\/flickr-studio\/id387907682?mt=8\">4.49\u20ac<\/a>), qui est vraiment sympa.<\/p>\n","protected":false},"excerpt":{"rendered":"<p>Je l&#8217;ai dit dans le pr\u00e9c\u00e9dent billet : cette mise \u00e0 jour me pla\u00eet tant que j&#8217;ai r\u00e9activ\u00e9 mon compte Pro et d\u00e9cid\u00e9 de stocker \u2014 et de partager \u2014 mes images sur Flickr. Pourquoi ? Parce que Flickr semble &hellip; <a href=\"https:\/\/www.davidbosman.fr\/blog\/2012\/12\/16\/flickr\/\">Read more &rarr;<\/a><\/p>","protected":false},"author":2,"featured_media":0,"comment_status":"closed","ping_status":"open","sticky":false,"template":"","format":"standard","meta":{"footnotes":""},"categories":[9],"tags":[39,63,74,107],"class_list":["post-13564","post","type-post","status-publish","format-standard","hentry","category-mac","tag-apple","tag-ios","tag-iphoneography","tag-des-photos"],"_links":{"self":[{"href":"https:\/\/www.davidbosman.fr\/blog\/wp-json\/wp\/v2\/posts\/13564","targetHints":{"allow":["GET"]}}],"collection":[{"href":"https:\/\/www.davidbosman.fr\/blog\/wp-json\/wp\/v2\/posts"}],"about":[{"href":"https:\/\/www.davidbosman.fr\/blog\/wp-json\/wp\/v2\/types\/post"}],"author":[{"embeddable":true,"href":"https:\/\/www.davidbosman.fr\/blog\/wp-json\/wp\/v2\/users\/2"}],"replies":[{"embeddable":true,"href":"https:\/\/www.davidbosman.fr\/blog\/wp-json\/wp\/v2\/comments?post=13564"}],"version-history":[{"count":2,"href":"https:\/\/www.davidbosman.fr\/blog\/wp-json\/wp\/v2\/posts\/13564\/revisions"}],"predecessor-version":[{"id":13588,"href":"https:\/\/www.davidbosman.fr\/blog\/wp-json\/wp\/v2\/posts\/13564\/revisions\/13588"}],"wp:attachment":[{"href":"https:\/\/www.davidbosman.fr\/blog\/wp-json\/wp\/v2\/media?parent=13564"}],"wp:term":[{"taxonomy":"category","embeddable":true,"href":"https:\/\/www.davidbosman.fr\/blog\/wp-json\/wp\/v2\/categories?post=13564"},{"taxonomy":"post_tag","embeddable":true,"href":"https:\/\/www.davidbosman.fr\/blog\/wp-json\/wp\/v2\/tags?post=13564"}],"curies":[{"name":"wp","href":"https:\/\/api.w.org\/{rel}","templated":true}]}}