{"id":13430,"date":"2012-11-24T22:00:54","date_gmt":"2012-11-24T21:00:54","guid":{"rendered":"http:\/\/davidbosman.fr\/blog\/2012\/11\/24\/rtf-sur-ipad-avec-textilus\/"},"modified":"2012-11-24T22:04:12","modified_gmt":"2012-11-24T21:04:12","slug":"rtf-sur-ipad-avec-textilus","status":"publish","type":"post","link":"https:\/\/www.davidbosman.fr\/blog\/2012\/11\/24\/rtf-sur-ipad-avec-textilus\/","title":{"rendered":"RTF sur iPad, avec Textilus ?"},"content":{"rendered":"<p>On en parlait il y a quelques mois de \u00e7a, <a href=\"http:\/\/davidbosman.fr\/blog\/2012\/07\/29\/textedit-icloud-et-si-on-le-remplacait-par-pages\/\">il manque un \u00e9diteur RTF compatible iCloud, sur iPad<\/a>, et donc d&#8217;un \u00e9diteur compatible avec TextEdit sur Mac.<\/p>\n\n<p><a href=\"https:\/\/itunes.apple.com\/fr\/app\/textilus-word-processor-free\/id577142302?mt=8\">Textilus<\/a>, pourrait bien corriger \u00e7a. Je ne l&#8217;ai pas encore test\u00e9, mais les commentaires de Jean-Christophe sont tr\u00e8s encourageants :<\/p>\n\n<blockquote>\n  <p>Ici, pas de Markdown en apparence, mais du gras, de l\u2019italique, du soulign\u00e9 et une barre additionnelle cam\u00e9l\u00e9on.\n  <br>\n  Et, effectivement, cela r\u00e9cup\u00e8re correctement, en terme d\u2019enrichissement du texte, des fichiers WORD .docx ou .doc. Et, bien entendu du .rtf et du .txt.\n  <br>\n  De fait, c\u2019est la barre additionnelle qu\u2019il est int\u00e9ressant d\u2019analyser. Si la premi\u00e8re barre additionnelle est d\u00e9di\u00e9e au RTF, les deux suivantes \u2014 accessibles pas un simple pression sur d\u2019ic\u00f4ne la plus \u00e0 gauche \u2014 sont dignes d\u2019attention.\n  <br>(&#8230;)<br>\n  Sans \u00eatre sexy, Textilus est franchement attachant.<br><br>\n  <a href=\"http:\/\/www.urbanbike.com\/index.php\/site\/textilus-1.4-sur-ipad\">Urbanbike : Textilus 1.4 sur iPad<\/a><\/p>\n<\/blockquote>\n","protected":false},"excerpt":{"rendered":"<p>On en parlait il y a quelques mois de \u00e7a, il manque un \u00e9diteur RTF compatible iCloud, sur iPad, et donc d&#8217;un \u00e9diteur compatible avec TextEdit sur Mac. Textilus, pourrait bien corriger \u00e7a. Je ne l&#8217;ai pas encore test\u00e9, mais &hellip; <a href=\"https:\/\/www.davidbosman.fr\/blog\/2012\/11\/24\/rtf-sur-ipad-avec-textilus\/\">Read more &rarr;<\/a><\/p>","protected":false},"author":2,"featured_media":0,"comment_status":"open","ping_status":"open","sticky":false,"template":"","format":"standard","meta":{"footnotes":""},"categories":[9],"tags":[39,21],"class_list":["post-13430","post","type-post","status-publish","format-standard","hentry","category-mac","tag-apple","tag-ecriture"],"_links":{"self":[{"href":"https:\/\/www.davidbosman.fr\/blog\/wp-json\/wp\/v2\/posts\/13430","targetHints":{"allow":["GET"]}}],"collection":[{"href":"https:\/\/www.davidbosman.fr\/blog\/wp-json\/wp\/v2\/posts"}],"about":[{"href":"https:\/\/www.davidbosman.fr\/blog\/wp-json\/wp\/v2\/types\/post"}],"author":[{"embeddable":true,"href":"https:\/\/www.davidbosman.fr\/blog\/wp-json\/wp\/v2\/users\/2"}],"replies":[{"embeddable":true,"href":"https:\/\/www.davidbosman.fr\/blog\/wp-json\/wp\/v2\/comments?post=13430"}],"version-history":[{"count":1,"href":"https:\/\/www.davidbosman.fr\/blog\/wp-json\/wp\/v2\/posts\/13430\/revisions"}],"predecessor-version":[{"id":13431,"href":"https:\/\/www.davidbosman.fr\/blog\/wp-json\/wp\/v2\/posts\/13430\/revisions\/13431"}],"wp:attachment":[{"href":"https:\/\/www.davidbosman.fr\/blog\/wp-json\/wp\/v2\/media?parent=13430"}],"wp:term":[{"taxonomy":"category","embeddable":true,"href":"https:\/\/www.davidbosman.fr\/blog\/wp-json\/wp\/v2\/categories?post=13430"},{"taxonomy":"post_tag","embeddable":true,"href":"https:\/\/www.davidbosman.fr\/blog\/wp-json\/wp\/v2\/tags?post=13430"}],"curies":[{"name":"wp","href":"https:\/\/api.w.org\/{rel}","templated":true}]}}