{"id":13354,"date":"2012-11-03T23:42:18","date_gmt":"2012-11-03T21:42:18","guid":{"rendered":"http:\/\/davidbosman.fr\/blog\/2012\/11\/03\/lipad-mini-est-lipad\/"},"modified":"2012-11-03T23:57:07","modified_gmt":"2012-11-03T21:57:07","slug":"lipad-mini-est-lipad","status":"publish","type":"post","link":"https:\/\/www.davidbosman.fr\/blog\/2012\/11\/03\/lipad-mini-est-lipad\/","title":{"rendered":"L&#8217;iPad mini est l&#8217;iPad"},"content":{"rendered":"<p>Plusieurs m&#8217;ont demand\u00e9 de donner mon avis sur l&#8217;iPad mini. Inutile de r\u00e9\u00e9crire ce que Fran\u00e7ois explique si bien : <a href=\"http:\/\/www.cuk.ch\/articles\/5263\">L&#8217;iPad Mini EST l&#8217;iPad<\/a>.<\/p>\n\n<ul>\n<li>Oui, le mini <em>est<\/em> l&#8217;iPad. Il va pouvoir se faire oublier dans mon sac \u00e0 dos \u2014 enfin, je l&#8217;aurai toujours avec moi.  <\/li>\n<li>Oui, pouvoir le tenir d&#8217;une seule main change tout. Surtout comme liseuse qui ne fatigue plus les poignets \u2014 enfin. <\/li>\n<li>Oui, il semble vraiment beaucoup plus l\u00e9ger que son poids r\u00e9el \u2014 c&#8217;est un r\u00e9gal.  <\/li>\n<li>Oui, l&#8217;\u00e9cran est excellent \u2014 mais j&#8217;attends de voir le premier mini Retina \u2014 m\u00eame si le texte est parfois difficile \u00e0 lire tant il est petit.<\/li>\n<li>Il suffit de le prendre en main pour r\u00e9aliser que le mini est solide. Mais&#8230; il y a un je ne sais quoi, peut-\u00eatre sa l\u00e9g\u00e8ret\u00e9 justement, m\u00eame si, je le r\u00e9p\u00e8te, ce n&#8217;est pas au d\u00e9triment de la qualit\u00e9 et de la rigidit\u00e9 des mat\u00e9riaux. Je ne sais pas. Ce n&#8217;est jamais qu&#8217;une impression, apr\u00e8s quelques heures. Sans doute la peur de l&#8217;abimer avec mes grosses paluches d&#8217;ours \ud83d\ude09<\/li>\n<\/ul>\n\n<p>Bref, apr\u00e8s 24h, je suis certain d&#8217;avoir trouv\u00e9 l&#8217;appareil qui me convient : un parfait petit compagnon <em>made in<\/em> Apple \u2014 ce que n&#8217;a jamais r\u00e9ussi \u00e0 \u00eatre l&#8217;iPhone (je ne suis pas certain du tout de vouloir acheter encore un iPhone ni m\u00eame, en fait, un smartphone), ni l&#8217;iPad classique.<\/p>\n\n<p><img decoding=\"async\" src=\"http:\/\/davidbosman.fr\/blog\/wp-content\/uploads\/2012\/11\/img_2888jpg.png\" alt=\"Img 2888.jpg\" \/><\/p>\n\n<p>Je ne peux pas encore parler de l&#8217;autonomie de l&#8217;iPad mini, pas assez de recul. Apr\u00e8s sa premi\u00e8re charge, il a tenu 8h \u2014 mais je l&#8217;ai vraiment \u00e9norm\u00e9ment sollicit\u00e9, il devrait facilement atteindre les 9 ou 10h en utilisation classique :<\/p>\n\n<p><img decoding=\"async\" src=\"http:\/\/davidbosman.fr\/blog\/wp-content\/uploads\/2012\/11\/ipad_mini.png\" alt=\"Ipad Mini\" \/><br \/>\n<em>8h d&#8217;utilisation presque continue, 10% de charge restante.<\/em><\/p>\n\n<p>Des reproches ?<\/p>\n\n<ul>\n<li>Je l&#8217;ai d\u00e9j\u00e0 signal\u00e9 : le texte est parfois petit. Ce n&#8217;est pas un probl\u00e8me pour les liseuses, vu qu&#8217;il suffit d&#8217;agrandir la taille de la police. Mais je me surprend syst\u00e9matiquement \u00e0 zoomer dans Safari. Parfois j&#8217;ai aussi d\u00fb m&#8217;y reprendre \u00e0 plusieurs fois pour activer un bouton (trop petit, j&#8217;appuyai \u00e0 c\u00f4t\u00e9).<\/li>\n<li>Les bords autour de l&#8217;\u00e9cran sont \u00e9troits, il faut apprendre \u00e0 placer ses doigts. Accessoirement, sa <s>petite<\/s><i>juste<\/i> taille permet de r\u00e9aliser \u00e0 quel point l&#8217;interface d&#8217;iOS est perfectible \u2014 par exemple, certains boutons m\u00e9riteraient d&#8217;\u00eatre plac\u00e9s vers le bas de l&#8217;\u00e9cran, et pas en haut, pour qu&#8217;ils soient utilisables sans avoir \u00e0 tenir l&#8217;iPad d&#8217;une main pour les utiliser de l&#8217;autre.<\/li>\n<li>La charni\u00e8re de la Smart Cover fait vraiment <em>cheap<\/em> \u2014 ce qui en fait un accessoire encore plus excessivement hors de prix.<\/li>\n<li>Les reflets caus\u00e9s par la vitre \u2014 auxquels je ne peux toujours pas me faire, aussi <s>bien<\/s><i>mal<\/i> sur l&#8217;iPad mini, que sur l&#8217;iPad 3, que sur l&#8217;iPhone, que sur l&#8217;iMac ou que sur le MacBook Pro (Retina).<\/li>\n<\/ul>\n\n<p><img decoding=\"async\" src=\"http:\/\/davidbosman.fr\/blog\/wp-content\/uploads\/2012\/11\/img_2891jpg.png\" alt=\"Img 2891.jpg\" \/><\/p>\n\n<p>Quid des performances, compar\u00e9es \u00e0 l&#8217;iPad 3 ? Les tr\u00e8s gros jeux mettent un peu plus de temps \u00e0 d\u00e9marrer que sur l&#8217;iPad 3. Mais, franchement, je m&#8217;en fiche.<\/p>\n\n<p>(Pour ceux et celles que \u00e7a int\u00e9resse : mon iPad 3 s&#8217;est trouv\u00e9 une nouvelle propri\u00e9taire, qui saura en faire un meilleur usage que moi.)<\/p>\n","protected":false},"excerpt":{"rendered":"<p>Plusieurs m&#8217;ont demand\u00e9 de donner mon avis sur l&#8217;iPad mini. Inutile de r\u00e9\u00e9crire ce que Fran\u00e7ois explique si bien : L&#8217;iPad Mini EST l&#8217;iPad. Oui, le mini est l&#8217;iPad. Il va pouvoir se faire oublier dans mon sac \u00e0 dos &hellip; <a href=\"https:\/\/www.davidbosman.fr\/blog\/2012\/11\/03\/lipad-mini-est-lipad\/\">Read more &rarr;<\/a><\/p>","protected":false},"author":2,"featured_media":0,"comment_status":"open","ping_status":"open","sticky":false,"template":"","format":"standard","meta":{"footnotes":""},"categories":[9],"tags":[39,102],"class_list":["post-13354","post","type-post","status-publish","format-standard","hentry","category-mac","tag-apple","tag-ebooks"],"_links":{"self":[{"href":"https:\/\/www.davidbosman.fr\/blog\/wp-json\/wp\/v2\/posts\/13354","targetHints":{"allow":["GET"]}}],"collection":[{"href":"https:\/\/www.davidbosman.fr\/blog\/wp-json\/wp\/v2\/posts"}],"about":[{"href":"https:\/\/www.davidbosman.fr\/blog\/wp-json\/wp\/v2\/types\/post"}],"author":[{"embeddable":true,"href":"https:\/\/www.davidbosman.fr\/blog\/wp-json\/wp\/v2\/users\/2"}],"replies":[{"embeddable":true,"href":"https:\/\/www.davidbosman.fr\/blog\/wp-json\/wp\/v2\/comments?post=13354"}],"version-history":[{"count":3,"href":"https:\/\/www.davidbosman.fr\/blog\/wp-json\/wp\/v2\/posts\/13354\/revisions"}],"predecessor-version":[{"id":13357,"href":"https:\/\/www.davidbosman.fr\/blog\/wp-json\/wp\/v2\/posts\/13354\/revisions\/13357"}],"wp:attachment":[{"href":"https:\/\/www.davidbosman.fr\/blog\/wp-json\/wp\/v2\/media?parent=13354"}],"wp:term":[{"taxonomy":"category","embeddable":true,"href":"https:\/\/www.davidbosman.fr\/blog\/wp-json\/wp\/v2\/categories?post=13354"},{"taxonomy":"post_tag","embeddable":true,"href":"https:\/\/www.davidbosman.fr\/blog\/wp-json\/wp\/v2\/tags?post=13354"}],"curies":[{"name":"wp","href":"https:\/\/api.w.org\/{rel}","templated":true}]}}