{"id":13184,"date":"2012-08-27T19:29:01","date_gmt":"2012-08-27T17:29:01","guid":{"rendered":"http:\/\/davidbosman.fr\/blog\/2012\/08\/27\/le-bon-appareil-photo-est-la-suite\/"},"modified":"2012-08-27T19:29:01","modified_gmt":"2012-08-27T17:29:01","slug":"le-bon-appareil-photo-est-la-suite","status":"publish","type":"post","link":"https:\/\/www.davidbosman.fr\/blog\/2012\/08\/27\/le-bon-appareil-photo-est-la-suite\/","title":{"rendered":"Le bon appareil photo est&#8230; (La suite)"},"content":{"rendered":"<blockquote>\n  <p>Almost nothing I\u2019ve shot since 2010 is usable.\n  <br><br>\n  The Rebel photos look decent. The 5D Mark II photos look great. But photos from the iPhone 4, and even from the 4S, don\u2019t hold up. They look fine on a 3.5-inch screen, but they look terrible on my big desktop monitor and abysmal on the Retina MacBook Pro.<br><br>Most of my favorite photos from the last two years only look good on small screens.\n  <br><br>\n  How do yours look? Are you happy with them? Will you continue to be happy with them when they\u2019re displayed on large, high-density screens or printed in the future?\n  <br><br>\n  For me, this is a wake-up call. I\u2019m going to try carrying the 5D with me a lot more often\n  <br><br><a href=\"http:\/\/www.marco.org\/2012\/07\/01\/the-camera-you-have-with-you\">Marco Arment: The camera you have with you<\/a><\/p>\n<\/blockquote>\n\n<p>En bref, en essayant d&#8217;utiliser ses propres images comme fond d&#8217;\u00e9cran sur le Mac Retina Display, Marco en vient \u00e0 la conclusion que seules les photos prises avec le Canon 5D sont \u00e0 la hauteur de l&#8217;\u00e9cran du nouveau Mac.<\/p>\n\n<p>Je ne mettrais pas forc\u00e9ment en cause l&#8217;appareil photo comme le fait Marco Arment dans son billet \u2014 apr\u00e8s tout, la qualit\u00e9 d&#8217;image d&#8217;un iPhone suffit \u00e0 faire de chouettes tirages papier \u2014, mais c&#8217;est peut-\u00eatre l&#8217;occasion de faire rebondir la discussion initi\u00e9e dans les commentaires de <a href=\"http:\/\/davidbosman.fr\/blog\/2012\/08\/22\/popular-cameraphones\/#comment-14043\">ce billet<\/a>.<\/p>\n\n<blockquote>\n  <p>I also need some photos that won\u2019t look like shit when I look back on them in the future.<\/p>\n<\/blockquote>\n","protected":false},"excerpt":{"rendered":"<p>Almost nothing I\u2019ve shot since 2010 is usable. The Rebel photos look decent. The 5D Mark II photos look great. But photos from the iPhone 4, and even from the 4S, don\u2019t hold up. They look fine on a 3.5-inch &hellip; <a href=\"https:\/\/www.davidbosman.fr\/blog\/2012\/08\/27\/le-bon-appareil-photo-est-la-suite\/\">Read more &rarr;<\/a><\/p>","protected":false},"author":2,"featured_media":0,"comment_status":"open","ping_status":"open","sticky":false,"template":"","format":"standard","meta":{"footnotes":""},"categories":[9,7],"tags":[39,107],"class_list":["post-13184","post","type-post","status-publish","format-standard","hentry","category-mac","category-des-photos","tag-apple","tag-des-photos"],"_links":{"self":[{"href":"https:\/\/www.davidbosman.fr\/blog\/wp-json\/wp\/v2\/posts\/13184","targetHints":{"allow":["GET"]}}],"collection":[{"href":"https:\/\/www.davidbosman.fr\/blog\/wp-json\/wp\/v2\/posts"}],"about":[{"href":"https:\/\/www.davidbosman.fr\/blog\/wp-json\/wp\/v2\/types\/post"}],"author":[{"embeddable":true,"href":"https:\/\/www.davidbosman.fr\/blog\/wp-json\/wp\/v2\/users\/2"}],"replies":[{"embeddable":true,"href":"https:\/\/www.davidbosman.fr\/blog\/wp-json\/wp\/v2\/comments?post=13184"}],"version-history":[{"count":0,"href":"https:\/\/www.davidbosman.fr\/blog\/wp-json\/wp\/v2\/posts\/13184\/revisions"}],"wp:attachment":[{"href":"https:\/\/www.davidbosman.fr\/blog\/wp-json\/wp\/v2\/media?parent=13184"}],"wp:term":[{"taxonomy":"category","embeddable":true,"href":"https:\/\/www.davidbosman.fr\/blog\/wp-json\/wp\/v2\/categories?post=13184"},{"taxonomy":"post_tag","embeddable":true,"href":"https:\/\/www.davidbosman.fr\/blog\/wp-json\/wp\/v2\/tags?post=13184"}],"curies":[{"name":"wp","href":"https:\/\/api.w.org\/{rel}","templated":true}]}}