{"id":13089,"date":"2012-08-13T17:23:47","date_gmt":"2012-08-13T15:23:47","guid":{"rendered":"http:\/\/davidbosman.fr\/blog\/2012\/08\/13\/comment-tenir-son-journal-avec-day-one-on-en-discute\/"},"modified":"2012-08-13T17:27:35","modified_gmt":"2012-08-13T15:27:35","slug":"comment-tenir-son-journal-avec-day-one-on-en-discute","status":"publish","type":"post","link":"https:\/\/www.davidbosman.fr\/blog\/2012\/08\/13\/comment-tenir-son-journal-avec-day-one-on-en-discute\/","title":{"rendered":"Comment tenir son journal avec Day One, on en discute ?"},"content":{"rendered":"<blockquote>\n  <p>Alors, oui, on peut jouer \u00e0 se faire peur et \u00e0 imaginer le pire.<br><br>\n  Sauf que je bosse autrement. Avant d\u2019aller encore plus loin, je rappelle au lecteur de passage que mes images ne sont pas conserv\u00e9es dans Day One. Jamais. Je m\u2019explique.\n  <br><br>\n  <a href=\"http:\/\/www.urbanbike.com\/index.php\/site\/comments\/comment-utiliser-day-one\">Jean-Christophe, sur Urbanbike<\/a>, en r\u00e9ponse \u00e0 mon <a href=\"http:\/\/davidbosman.fr\/blog\/2012\/08\/13\/mon-probleme-avec-day-one\/\">dernier billet<\/a>.<\/p>\n<\/blockquote>\n\n<p>&#8220;Jouer \u00e0 se faire peur&#8221; ? Mouais&#8230; Plus que d&#8217;un jeu, je pr\u00e9f\u00e8re parler d&#8217;une exp\u00e9rience acquise dans la souffrance : ne pas pouvoir (ou mal) acc\u00e9der au contenu de certains fichiers plus support\u00e9s dans la dur\u00e9e. Or <i>la dur\u00e9e<\/i>, quand on parle d&#8217;un journal personnel, cela ne me semble pas un d\u00e9tail n\u00e9gligeable : ce que je confie \u00e0 mon journal n&#8217;est pas une information jetable.<\/p>\n\n<!--more-->\n\n<p>&#8220;<i>Tu racontes n&#8217;importe quoi, David : Day One utilise du XML !<\/i>&#8221; Merci, je sais, j&#8217;en ai parl\u00e9 dans mon billet. Alors, o\u00f9 est le souci ? Je ne m&#8217;inqui\u00e8te \u00e9videmment pas de l&#8217;acc\u00e8s aux fichiers eux-m\u00eames (textes et images tout est soigneusement rang\u00e9 dans un paquet), mais de la facilit\u00e9 d&#8217;acc\u00e8s \u00e0 l&#8217;ensemble qu&#8217;ils forment, apr\u00e8s exportation. De la pr\u00e9servation de cet ensemble. Comme j&#8217;ai r\u00e9pondu \u00e0 Jean-Christophe par email&nbsp;: <\/p>\n\n<blockquote>\n  <p>(&#8230;) il reste le GROS souci pour moi de pouvoir exporter X ann\u00e9es d&#8217;archives et de perdre si pas (certaines) des donn\u00e9es elles-m\u00eames, <em>le lien<\/em> qui les unis les unes au autres, <strong>ce lien entre une image et un texte qui fait chaque entr\u00e9e<\/strong> de mon journal. Ce lien que je veux retrouver intact si je d\u00e9cide ou si je suis contraint de quitter Day One.<br><br>Franchement, je me vois mal recr\u00e9er ces liens un par un sur des milliers d&#8217;images et d&#8217;entr\u00e9es de journal. C&#8217;est \u00e7a le probl\u00e8me.\n  <br><br>(moi, par email)<\/p>\n<\/blockquote>\n\n<p>Mais peut-\u00eatre, la diff\u00e9rence essentielle entre Jean-Christophe et moi c&#8217;est que j&#8217;utilise Day One uniquement comme un journal (intime) l\u00e0 o\u00f9 il l&#8217;utilise aussi comme <a href=\"http:\/\/www.urbanbike.com\/index.php\/site\/comments\/day-one-1-8-a-lusage\">brouillon du blog<\/a> ?<\/p>\n\n<p>Rien de ce que j&#8217;y entre ne sera jamais publi\u00e9 tel quel sur le blog, ni dans un article, ni dans un bouquin. Ni nulle part. C&#8217;est \u00e0 moi seul, pour moi seul (et mes proches, \u00e9ventuellement). Et c&#8217;est cens\u00e9 me suivre pendant le reste de ma vie.<\/p>\n\n<p>Vu que rien n&#8217;a besoin d&#8217;\u00eatre retrait\u00e9 ou retravaill\u00e9 avant publication, je me fiche donc des &#8220;orignaux&#8221; au sens o\u00f9 en parle Jean-Christophe \u2014 enfin, non je ne m&#8217;en fiche \u00e9videmment pas (il suffit de lire les archives du blog si vous en doutez), mais je suis capable d&#8217;acc\u00e9der au contenu d&#8217;un paquet et de m&#8217;assurer que chaque photo que je prends et que chaque texte que j&#8217;\u00e9cris soit sauvegard\u00e9 et accessible en permanence.<\/p>\n\n<p>Ce qui m&#8217;int\u00e9resse dans Day One, c&#8217;est la possibilit\u00e9 de raconter ma journ\u00e9e, ou un \u00e9v\u00e8nement, en mots et\/ou en images, et que chaque \u00e9v\u00e8nement devienne une nouvelle entr\u00e9e dans mon journal (et que l&#8217;application g\u00e8re l&#8217;acc\u00e8s \u00e0 ce journal depuis n&#8217;importe quel terminal). Cette entr\u00e9e est le composant de base du journal, ce n&#8217;est pas le fichier texte + le fichier d&#8217;image + g\u00e9otagging + m\u00e9t\u00e9o + EXIF&#8230;. Tout \u00e7a, j&#8217;y ai acc\u00e8s depuis des ann\u00e9es sans l&#8217;aide de Day One. Ce que Day One m&#8217;a apport\u00e9 sur un plateau, c&#8217;est l&#8217;int\u00e9gration (et une interface \u00e0 tomber sur le cul, dans la version iOS).<\/p>\n\n<p><img decoding=\"async\" src=\"http:\/\/davidbosman.fr\/blog\/wp-content\/uploads\/2012\/08\/dayonenaked.png\" alt=\"Day One Naked\" \/><br \/>\n<em>Ca aussi, c&#8217;est Day One&#8230;<\/em><\/p>\n\n<p>Ce qui m&#8217;int\u00e9resse et me r\u00e9jouis, c&#8217;est cette int\u00e9gration qui gomme compl\u00e8tement l&#8217;aspect technique (<a href=\"http:\/\/davidbosman.fr\/blog\/2012\/06\/24\/day-one-cest-comme-apple-ca-marche\/\">et pas que pour mon confort personnel<\/a>).<\/p>\n\n<p>Ce qui me navre et m&#8217;inqui\u00e8te (et motive mon pr\u00e9c\u00e9dent billet), c&#8217;est de r\u00e9aliser que cette int\u00e9gration, pour l&#8217;instant du moins, est bien trop p\u00e9niblement extractible de Day One, et pas sans risque de casser le lien entre les diff\u00e9rents composants de chaque entr\u00e9e (texte+image+geotagging+m\u00e9t\u00e9o).<\/p>\n\n<div align=\"center\"><img decoding=\"async\" src=\"http:\/\/davidbosman.fr\/images\/zen.png\" alt=\"\" zen=\"\" style=\"border: 0px none ;\"><\/div>\n\n<p>N&#8217;h\u00e9sitez pas \u00e0 participer \u00e0 la discussion. Il ne s&#8217;agit pas de d\u00e9cider qui de Jean-Christophe ou de moi (ou de Anthony, qui ne devrait pas tarder), ou de vous-m\u00eame, a raison ou qui a tort (la r\u00e9ponse est \u00e9vidente : personne), mais de confronter des usages, des doutes et des points de vue et, avec un peu de chance, en sortir un peu moins b\u00eates que nous y sommes entr\u00e9s. Et pourquoi pas, avec l&#8217;envie de tester d&#8217;autres fa\u00e7ons de faire.<\/p>\n","protected":false},"excerpt":{"rendered":"<p>Alors, oui, on peut jouer \u00e0 se faire peur et \u00e0 imaginer le pire. Sauf que je bosse autrement. Avant d\u2019aller encore plus loin, je rappelle au lecteur de passage que mes images ne sont pas conserv\u00e9es dans Day One. &hellip; <a href=\"https:\/\/www.davidbosman.fr\/blog\/2012\/08\/13\/comment-tenir-son-journal-avec-day-one-on-en-discute\/\">Read more &rarr;<\/a><\/p>","protected":false},"author":2,"featured_media":0,"comment_status":"open","ping_status":"open","sticky":false,"template":"","format":"standard","meta":{"footnotes":""},"categories":[1],"tags":[39,21],"class_list":["post-13089","post","type-post","status-publish","format-standard","hentry","category-general","tag-apple","tag-ecriture"],"_links":{"self":[{"href":"https:\/\/www.davidbosman.fr\/blog\/wp-json\/wp\/v2\/posts\/13089","targetHints":{"allow":["GET"]}}],"collection":[{"href":"https:\/\/www.davidbosman.fr\/blog\/wp-json\/wp\/v2\/posts"}],"about":[{"href":"https:\/\/www.davidbosman.fr\/blog\/wp-json\/wp\/v2\/types\/post"}],"author":[{"embeddable":true,"href":"https:\/\/www.davidbosman.fr\/blog\/wp-json\/wp\/v2\/users\/2"}],"replies":[{"embeddable":true,"href":"https:\/\/www.davidbosman.fr\/blog\/wp-json\/wp\/v2\/comments?post=13089"}],"version-history":[{"count":3,"href":"https:\/\/www.davidbosman.fr\/blog\/wp-json\/wp\/v2\/posts\/13089\/revisions"}],"predecessor-version":[{"id":13092,"href":"https:\/\/www.davidbosman.fr\/blog\/wp-json\/wp\/v2\/posts\/13089\/revisions\/13092"}],"wp:attachment":[{"href":"https:\/\/www.davidbosman.fr\/blog\/wp-json\/wp\/v2\/media?parent=13089"}],"wp:term":[{"taxonomy":"category","embeddable":true,"href":"https:\/\/www.davidbosman.fr\/blog\/wp-json\/wp\/v2\/categories?post=13089"},{"taxonomy":"post_tag","embeddable":true,"href":"https:\/\/www.davidbosman.fr\/blog\/wp-json\/wp\/v2\/tags?post=13089"}],"curies":[{"name":"wp","href":"https:\/\/api.w.org\/{rel}","templated":true}]}}