{"id":13023,"date":"2012-07-29T20:01:45","date_gmt":"2012-07-29T18:01:45","guid":{"rendered":"http:\/\/davidbosman.fr\/blog\/2012\/07\/29\/textedit-icloud-et-si-on-le-remplacait-par-pages\/"},"modified":"2012-07-31T02:07:27","modified_gmt":"2012-07-31T00:07:27","slug":"textedit-icloud-et-si-on-le-remplacait-par-pages","status":"publish","type":"post","link":"https:\/\/www.davidbosman.fr\/blog\/2012\/07\/29\/textedit-icloud-et-si-on-le-remplacait-par-pages\/","title":{"rendered":"TextEdit + iCloud, et si on le rempla\u00e7ait par Pages ?"},"content":{"rendered":"<p>Apr\u00e8s avoir install\u00e9 Mountain Lion, j&#8217;ai remarqu\u00e9 que mon cher vieux TextEdit est devenu compatible avec iCloud :<\/p>\n\n<p><img decoding=\"async\" src=\"http:\/\/davidbosman.fr\/blog\/wp-content\/uploads\/2012\/07\/icloudpng.png\" alt=\"Icloud.png\" \/><\/p>\n\n<p>On pourra donc enregistrer les fichiers dans le cloud Apple, et les retrouver sur nos autres machines \u2014 sur OS X et iOS.<\/p>\n\n<p>Pour le coup, je me demande : Apple livre-t-elle une application iOS capable de lire\/\u00e9diter le RTF (le format par d\u00e9faut de textEdit) ? Il y a bien Pages pour iOS, mais \u00e0 ma connaissance il ne lit que le format Pages. Donc ?<\/p>\n\n<p>Il y a peut-\u00eatre des applications tierces mais si, comme je le pense, Apple elle-m\u00eame ne propose rien sur iOS qui soit compatible avec le RTF, cela donne un petit coup de vieux suppl\u00e9mentaire \u00e0 ce brave TextEdit (et au format RTF).<\/p>\n\n<p>Au point qu&#8217;on pourrait se demander si Apple n&#8217;aurait pas int\u00e9r\u00eat \u00e0 remplacer\/compl\u00e9ter TextEdit par Pages, qu&#8217;elle pourrait offrir \u00e0 l&#8217;achat d&#8217;un Mac (comme elle offre la suite iLife) ou d&#8217;un terminal iOS. Elle mettrait ainsi dans les mains de chaque utilisateur les seules applications qui offrent une syncro native et finger in the nose \u2014 merci iCloud \u2014 des fichiers bureautiques entre OS X et iOS.<\/p>\n\n<p>Je sais, je d\u00e9lire. Mais ce serait un chouette pas en direction de cette &#8220;informatique pour le reste d&#8217;entre-nous&#8221;, simple et pas prise de t\u00eate, que vante tant Apple.<\/p>\n","protected":false},"excerpt":{"rendered":"<p>Apr\u00e8s avoir install\u00e9 Mountain Lion, j&#8217;ai remarqu\u00e9 que mon cher vieux TextEdit est devenu compatible avec iCloud : On pourra donc enregistrer les fichiers dans le cloud Apple, et les retrouver sur nos autres machines \u2014 sur OS X et &hellip; <a href=\"https:\/\/www.davidbosman.fr\/blog\/2012\/07\/29\/textedit-icloud-et-si-on-le-remplacait-par-pages\/\">Read more &rarr;<\/a><\/p>","protected":false},"author":2,"featured_media":0,"comment_status":"open","ping_status":"open","sticky":false,"template":"","format":"standard","meta":{"footnotes":""},"categories":[9],"tags":[39],"class_list":["post-13023","post","type-post","status-publish","format-standard","hentry","category-mac","tag-apple"],"_links":{"self":[{"href":"https:\/\/www.davidbosman.fr\/blog\/wp-json\/wp\/v2\/posts\/13023","targetHints":{"allow":["GET"]}}],"collection":[{"href":"https:\/\/www.davidbosman.fr\/blog\/wp-json\/wp\/v2\/posts"}],"about":[{"href":"https:\/\/www.davidbosman.fr\/blog\/wp-json\/wp\/v2\/types\/post"}],"author":[{"embeddable":true,"href":"https:\/\/www.davidbosman.fr\/blog\/wp-json\/wp\/v2\/users\/2"}],"replies":[{"embeddable":true,"href":"https:\/\/www.davidbosman.fr\/blog\/wp-json\/wp\/v2\/comments?post=13023"}],"version-history":[{"count":1,"href":"https:\/\/www.davidbosman.fr\/blog\/wp-json\/wp\/v2\/posts\/13023\/revisions"}],"predecessor-version":[{"id":13030,"href":"https:\/\/www.davidbosman.fr\/blog\/wp-json\/wp\/v2\/posts\/13023\/revisions\/13030"}],"wp:attachment":[{"href":"https:\/\/www.davidbosman.fr\/blog\/wp-json\/wp\/v2\/media?parent=13023"}],"wp:term":[{"taxonomy":"category","embeddable":true,"href":"https:\/\/www.davidbosman.fr\/blog\/wp-json\/wp\/v2\/categories?post=13023"},{"taxonomy":"post_tag","embeddable":true,"href":"https:\/\/www.davidbosman.fr\/blog\/wp-json\/wp\/v2\/tags?post=13023"}],"curies":[{"name":"wp","href":"https:\/\/api.w.org\/{rel}","templated":true}]}}