{"id":12997,"date":"2012-07-26T19:41:23","date_gmt":"2012-07-26T17:41:23","guid":{"rendered":"http:\/\/davidbosman.fr\/blog\/2012\/07\/26\/pollution\/"},"modified":"2012-07-26T19:56:02","modified_gmt":"2012-07-26T17:56:02","slug":"pollution","status":"publish","type":"post","link":"https:\/\/www.davidbosman.fr\/blog\/2012\/07\/26\/pollution\/","title":{"rendered":"Pollution ?"},"content":{"rendered":"<p>Rentr\u00e9 depuis un peu plus d&#8217;une semaine \u00e0 Paris, apr\u00e8s trois semaines pass\u00e9es dans la campagne belge, quand je ne pleure pas, je passe mes jours et mes nuits \u00e0 tousser et \u00e0 me racler la gorge, tant j&#8217;ai les bronches irrit\u00e9es et les poumons encombr\u00e9s (me demandez pas de quoi). Litt\u00e9ralement, je n&#8217;en dors plus et je dois faire chambre \u00e0 part pour ne pas emp\u00eacher ma douce et tendre moiti\u00e9 de profiter d&#8217;un sommeil bien m\u00e9rit\u00e9<sup>1<\/sup>.<\/p>\n\n<p>Pollution de l&#8217;air ? Mais non&#8230; C&#8217;est forc\u00e9ment moi qui suit mal foutu. J&#8217;ai les poumons capricieux et la gorge taquine.<\/p>\n\n<p><img decoding=\"async\" src=\"http:\/\/davidbosman.fr\/blog\/wp-content\/uploads\/2012\/07\/230png.png\" alt=\"230.png\" \/><br \/>\n<em>Source: <a href=\"http:\/\/www.airparif.asso.fr\">Airparif<\/a><\/em><\/p>\n\n<p>En fait, \u00e7a me fait \u00e7a \u00e0 chaque fois que je quitte Paris assez longtemps. Au retour, j&#8217;ai les yeux qui pleurent et la gorge irrit\u00e9e et je tousse comme un tuberculeux en fin de parcours. Mais c&#8217;est la premi\u00e8re fois que \u00e7a dure plus d&#8217;une semaine.<\/p>\n\n<p>C&#8217;est une v\u00e9ritable agression, aussi garce qu&#8217;elle est lancinante.<\/p>\n\n<p>C&#8217;est devenu une telle nuisance, surtout quand il fait chaud comme ces jours-ci, que je pense \u00e0 nouveau quitter Paris, bien plus t\u00f4t qu&#8217;initialement pr\u00e9vu&#8230;<\/p>\n\n<p>Edit : la photo (voir commentaires) :<\/p>\n\n<p><img decoding=\"async\" src=\"http:\/\/davidbosman.fr\/blog\/wp-content\/uploads\/2012\/07\/img_2689jpg.png\" alt=\"Img 2689.jpg\" \/><\/p>\n\n<hr \/>\n\n<p>1: dans un deux-pi\u00e8ces, faire chambre \u00e0 part signifie donc que je dors dans le canap\u00e9 du salon. Enfin je m&#8217;y allonge (et je lis, et je regarde des films, et j&#8217;\u00e9cris et je pense \u00e0 la Belgique), parce que dormir en toussant&#8230;<\/p>\n","protected":false},"excerpt":{"rendered":"<p>Rentr\u00e9 depuis un peu plus d&#8217;une semaine \u00e0 Paris, apr\u00e8s trois semaines pass\u00e9es dans la campagne belge, quand je ne pleure pas, je passe mes jours et mes nuits \u00e0 tousser et \u00e0 me racler la gorge, tant j&#8217;ai les &hellip; <a href=\"https:\/\/www.davidbosman.fr\/blog\/2012\/07\/26\/pollution\/\">Read more &rarr;<\/a><\/p>","protected":false},"author":2,"featured_media":0,"comment_status":"open","ping_status":"open","sticky":false,"template":"","format":"standard","meta":{"footnotes":""},"categories":[1],"tags":[],"class_list":["post-12997","post","type-post","status-publish","format-standard","hentry","category-general"],"_links":{"self":[{"href":"https:\/\/www.davidbosman.fr\/blog\/wp-json\/wp\/v2\/posts\/12997","targetHints":{"allow":["GET"]}}],"collection":[{"href":"https:\/\/www.davidbosman.fr\/blog\/wp-json\/wp\/v2\/posts"}],"about":[{"href":"https:\/\/www.davidbosman.fr\/blog\/wp-json\/wp\/v2\/types\/post"}],"author":[{"embeddable":true,"href":"https:\/\/www.davidbosman.fr\/blog\/wp-json\/wp\/v2\/users\/2"}],"replies":[{"embeddable":true,"href":"https:\/\/www.davidbosman.fr\/blog\/wp-json\/wp\/v2\/comments?post=12997"}],"version-history":[{"count":1,"href":"https:\/\/www.davidbosman.fr\/blog\/wp-json\/wp\/v2\/posts\/12997\/revisions"}],"predecessor-version":[{"id":12999,"href":"https:\/\/www.davidbosman.fr\/blog\/wp-json\/wp\/v2\/posts\/12997\/revisions\/12999"}],"wp:attachment":[{"href":"https:\/\/www.davidbosman.fr\/blog\/wp-json\/wp\/v2\/media?parent=12997"}],"wp:term":[{"taxonomy":"category","embeddable":true,"href":"https:\/\/www.davidbosman.fr\/blog\/wp-json\/wp\/v2\/categories?post=12997"},{"taxonomy":"post_tag","embeddable":true,"href":"https:\/\/www.davidbosman.fr\/blog\/wp-json\/wp\/v2\/tags?post=12997"}],"curies":[{"name":"wp","href":"https:\/\/api.w.org\/{rel}","templated":true}]}}