{"id":12968,"date":"2012-07-25T15:36:51","date_gmt":"2012-07-25T13:36:51","guid":{"rendered":"http:\/\/davidbosman.fr\/blog\/2012\/07\/25\/sinitier-a-la-photo\/"},"modified":"2012-07-26T08:52:48","modified_gmt":"2012-07-26T06:52:48","slug":"sinitier-a-la-photo","status":"publish","type":"post","link":"https:\/\/www.davidbosman.fr\/blog\/2012\/07\/25\/sinitier-a-la-photo\/","title":{"rendered":"S&#8217;initier \u00e0 la photo"},"content":{"rendered":"<p>D\u00e9but juillet, j&#8217;ai pass\u00e9 quelques jours en compagnie de ma ni\u00e8ce, juste elle et moi pour sa premi\u00e8re visite \u00e0 Paris (j&#8217;en avais parl\u00e9 <a href=\"http:\/\/davidbosman.fr\/blog\/2012\/06\/11\/petit-visite-au-louvre\/\">ici<\/a>).<\/p>\n\n<p>Si nous n&#8217;avons pas fait la moiti\u00e9 de ce que j&#8217;avais pr\u00e9vu (tant mieux, ce sera l&#8217;occasion de l&#8217;inviter une fois de plus, pour faire le reste), elle en a profit\u00e9 pour faire des photos. Beaucoup : dans les 400.<\/p>\n\n<p>Elle avait bien amen\u00e9 son appareil, mais il fonctionne avec des piles&#8230; vid\u00e9es apr\u00e8s quelques photos seulement, nous \u00e9tions encore dans le train. En d\u00e9pannage, je lui ai fil\u00e9 mon Canon S90 (je me suis rabattu sur le Canon S100), et je l&#8217;ai vue s&#8217;\u00e9clater \u00e0 photographier, tout et n&#8217;importe quoi \u2014 m\u00eame si on est en droit de se dire que ce n&#8217;est plus n&#8217;importe quoi d\u00e8s qu&#8217;on arrive \u00e0 le photographier de fa\u00e7on int\u00e9ressante.<\/p>\n\n<p>Bref, dans le lot de photos il y en a quelques-unes qui sortent du lot et me laissent penser que, du haut de ses onze ans, elle a un regard. Voici quelques images prises du c\u00f4t\u00e9 de la tour Eiffel :<\/p>\n\n<p><img decoding=\"async\" src=\"http:\/\/davidbosman.fr\/blog\/wp-content\/uploads\/2012\/07\/img_0581jpg.png\" alt=\"Img 0581.jpg\" \/><\/p>\n\n<p><img decoding=\"async\" src=\"http:\/\/davidbosman.fr\/blog\/wp-content\/uploads\/2012\/07\/img_0585jpg.png\" alt=\"Img 0585.jpg\" \/><\/p>\n\n<p><img decoding=\"async\" src=\"http:\/\/davidbosman.fr\/blog\/wp-content\/uploads\/2012\/07\/img_0589jpg1.png\" alt=\"Img 0589.jpg\" \/><\/p>\n\n<p><img decoding=\"async\" src=\"http:\/\/davidbosman.fr\/blog\/wp-content\/uploads\/2012\/07\/img_0590jpg.png\" alt=\"Img 0590.jpg\" \/><\/p>\n\n<p><img decoding=\"async\" src=\"http:\/\/davidbosman.fr\/blog\/wp-content\/uploads\/2012\/07\/img_0596jpg.png\" alt=\"Img 0596.jpg\" \/><\/p>\n\n<p><img decoding=\"async\" src=\"http:\/\/davidbosman.fr\/blog\/wp-content\/uploads\/2012\/07\/img_0599jpg.png\" alt=\"Img 0599.jpg\" \/><\/p>\n\n<p><img decoding=\"async\" src=\"http:\/\/davidbosman.fr\/blog\/wp-content\/uploads\/2012\/07\/img_0601jpg.png\" alt=\"Img 0601.jpg\" \/>\n<em>(Photos :  Laure Humfryes, 2012)<\/em><\/p>\n\n<p>Bien s\u00fbr, je prenais soin de passer l\u00e0 o\u00f9 il fallait, en lui indiquant vers o\u00f9 regarder. Et, depuis qu&#8217;on passe du temps ensemble, elle me voit photographier et nous parlons r\u00e9guli\u00e8rement de la fa\u00e7on de regarder les choses et les gens autour de soi. Et puis, elle me voit la photographier elle, sans arr\u00eat \ud83d\ude09<\/p>\n\n<p>Mais elle n&#8217;a jamais pris de le\u00e7ons de photos et il faudrait \u00eatre aveugle pour ne pas remarquer comment elle utilise les lignes de force et les diagonales pour composer ses images. Comment elle cadre sa photo, tout simplement.<\/p>\n\n<p>Une des choses qui a pu l&#8217;y aider, je pense, c&#8217;est l&#8217;affichage de la grille sur l&#8217;\u00e9cran du S90. C&#8217;est tellement pratique, surtout quand on comprend comment l&#8217;utiliser.<\/p>\n\n<p><img decoding=\"async\" src=\"http:\/\/davidbosman.fr\/blog\/wp-content\/uploads\/2012\/07\/img_2688jpg.png\" alt=\"Img 2688.jpg\" \/><br \/>\n<em>R\u00e8gle des tiers et utilisation des points de force, le b-a-ba de la composition. Mais qui \u00e0 lui seul fera d\u00e9j\u00e0 toute la diff\u00e9rence entre une photo sans relief et une photo qu&#8217;on aime regarder.<\/em><\/p>\n\n<div align=\"center\"><img decoding=\"async\" src=\"http:\/\/davidbosman.fr\/images\/zen.png\" alt=\"\" zen=\"\" style=\"border: 0px none ;\"><\/div>\n\n<p>Laure aurait pu ranger son appareil photo sans piles et ne plus faire une seule photo durant ces quelques jours \u00e0 Paris. Mais je lui ai pass\u00e9 le mien et elle l&#8217;a imm\u00e9diatement adopt\u00e9 (elle le connaissait d\u00e9j\u00e0, notez) et elle a d\u00e9clench\u00e9 sans compter. Y compris l\u00e0 o\u00f9 de nombreux compacts n&#8217;auraient tout simplement pas pu fonctionner (1600 ou 3200 ISO, sans flash, en visitant l&#8217;expo Toutankhamon) :<\/p>\n\n<p><img decoding=\"async\" src=\"http:\/\/davidbosman.fr\/blog\/wp-content\/uploads\/2012\/07\/img_0837jpg.png\" alt=\"Img 0837.jpg\" \/><\/p>\n\n<p><img decoding=\"async\" src=\"http:\/\/davidbosman.fr\/blog\/wp-content\/uploads\/2012\/07\/img_0773jpg.png\" alt=\"Img 0773.jpg\" \/><br \/>\n<em>(Photos :  Laure Humfryes, 2012)<\/em><\/p>\n\n<p>Elle ne s&#8217;est pas pos\u00e9 de question, elle comptait sur l&#8217;appareil. Elle a compos\u00e9 ses images et a d\u00e9clench\u00e9 quand \u00e7a lui semblait bon.<\/p>\n\n<p>Si elle avait d\u00fb r\u00e9fl\u00e9chir \u00e0 tout \u00e7a \u2014 quelle ouverture, quelle vitesse, quel r\u00e9glage ISO et quelle focale utiliser ? \u2014 avant chaque photo, jamais elle n&#8217;aurait pris autant de photos, et sans doute pas en s&#8217;amusant autant. Ce serait devenu une corv\u00e9e et, la connaissant un peu, elle serait vite pass\u00e9e \u00e0 autre chose.<\/p>\n\n<p>Si elle avait d\u00fb utiliser un appareil moins performant, jamais elle n&#8217;aurait \u00e9prouv\u00e9 autant de plaisir \u00e0 photographier (d\u00e9clenchement et enregistrement rapides, \u00e9cran confortable, autonomie satisfaisante) ni \u00e0&#8230; regarder le fruit de son travail, sur l&#8217;\u00e9cran du Mac une fois rentr\u00e9 chez nous.<\/p>\n\n<p>Tout l&#8217;art consistera donc \u00e0 donner au d\u00e9butant quelques notions et quelques conseils, mais aussi \u00e0 lui trouver un &#8220;bon&#8221; appareil. C&#8217;est le sujet d&#8217;un prochain billet, \u00e0 suivre. Je voulais d&#8217;abord saisir l&#8217;occasion pour dire \u00e0 nouveau comme je suis fier de ma ni\u00e8ce. Elle est g\u00e9niale.<\/p>\n","protected":false},"excerpt":{"rendered":"<p>D\u00e9but juillet, j&#8217;ai pass\u00e9 quelques jours en compagnie de ma ni\u00e8ce, juste elle et moi pour sa premi\u00e8re visite \u00e0 Paris (j&#8217;en avais parl\u00e9 ici). Si nous n&#8217;avons pas fait la moiti\u00e9 de ce que j&#8217;avais pr\u00e9vu (tant mieux, ce &hellip; <a href=\"https:\/\/www.davidbosman.fr\/blog\/2012\/07\/25\/sinitier-a-la-photo\/\">Read more &rarr;<\/a><\/p>","protected":false},"author":2,"featured_media":0,"comment_status":"open","ping_status":"open","sticky":false,"template":"","format":"standard","meta":{"footnotes":""},"categories":[7],"tags":[67,107],"class_list":["post-12968","post","type-post","status-publish","format-standard","hentry","category-des-photos","tag-laure","tag-des-photos"],"_links":{"self":[{"href":"https:\/\/www.davidbosman.fr\/blog\/wp-json\/wp\/v2\/posts\/12968","targetHints":{"allow":["GET"]}}],"collection":[{"href":"https:\/\/www.davidbosman.fr\/blog\/wp-json\/wp\/v2\/posts"}],"about":[{"href":"https:\/\/www.davidbosman.fr\/blog\/wp-json\/wp\/v2\/types\/post"}],"author":[{"embeddable":true,"href":"https:\/\/www.davidbosman.fr\/blog\/wp-json\/wp\/v2\/users\/2"}],"replies":[{"embeddable":true,"href":"https:\/\/www.davidbosman.fr\/blog\/wp-json\/wp\/v2\/comments?post=12968"}],"version-history":[{"count":1,"href":"https:\/\/www.davidbosman.fr\/blog\/wp-json\/wp\/v2\/posts\/12968\/revisions"}],"predecessor-version":[{"id":12973,"href":"https:\/\/www.davidbosman.fr\/blog\/wp-json\/wp\/v2\/posts\/12968\/revisions\/12973"}],"wp:attachment":[{"href":"https:\/\/www.davidbosman.fr\/blog\/wp-json\/wp\/v2\/media?parent=12968"}],"wp:term":[{"taxonomy":"category","embeddable":true,"href":"https:\/\/www.davidbosman.fr\/blog\/wp-json\/wp\/v2\/categories?post=12968"},{"taxonomy":"post_tag","embeddable":true,"href":"https:\/\/www.davidbosman.fr\/blog\/wp-json\/wp\/v2\/tags?post=12968"}],"curies":[{"name":"wp","href":"https:\/\/api.w.org\/{rel}","templated":true}]}}