{"id":12909,"date":"2012-06-24T00:49:24","date_gmt":"2012-06-23T22:49:24","guid":{"rendered":"http:\/\/davidbosman.fr\/blog\/2012\/06\/24\/day-one-cest-comme-apple-ca-marche\/"},"modified":"2012-06-24T10:30:44","modified_gmt":"2012-06-24T08:30:44","slug":"day-one-cest-comme-apple-ca-marche","status":"publish","type":"post","link":"https:\/\/www.davidbosman.fr\/blog\/2012\/06\/24\/day-one-cest-comme-apple-ca-marche\/","title":{"rendered":"Day One, c&#8217;est comme Apple, \u00e7a marche."},"content":{"rendered":"<p>Sans rien lui dire, j&#8217;avais install\u00e9 <a href=\"http:\/\/davidbosman.fr\/blog\/2012\/05\/16\/day-one\/\">Day One<\/a> sur le Mac de ma ni\u00e8ce, quand je le lui ai configur\u00e9. Je ne pensais pas lui en parler avant encore un petit temps, mais il \u00e9tait l\u00e0, attendant qu&#8217;elle soit pr\u00eate (et qu&#8217;elle soit plus \u00e0 l&#8217;aise pour taper au clavier). Pourtant, il y a deux semaines de \u00e7a, alors que nous bavardions, elle m&#8217;a annonc\u00e9 qu&#8217;elle avait commenc\u00e9 \u00e0 l&#8217;utiliser, d&#8217;elle-m\u00eame, pour tenir son journal.<\/p>\n\n<p>En entendant \u00e7a, \/me avait un sourire jusque derri\u00e8re les oreilles, vous vous en doutez probablement.<\/p>\n\n<div align=\"center\"><img decoding=\"async\" src=\"http:\/\/davidbosman.fr\/images\/zen.png\" alt=\"\" zen=\"\" style=\"border: 0px none ;\"><\/div>\n\n<p>Pour vous \u00e9pargner tous les d\u00e9tails de ma petite vie, ou pour essayer d&#8217;y trouver quelque chose qui pourrait vous int\u00e9resser (autre que l&#8217;immense plaisir d&#8217;avoir des nouvelles fraiches de ma ni\u00e8ce pr\u00e9f\u00e9r\u00e9e) on pourrait, par exemple, tr\u00e8s facilement se dire que son choix, tout comme le fait qu&#8217;elle puisse l&#8217;utiliser sans apprentissage sp\u00e9cifique, est un indice de plus que la logique &#8220;Apple&#8221; \u2014 plut\u00f4t bien int\u00e9gr\u00e9e par le dev de Day One, cette obsession de la simplicit\u00e9 et de la simplification, tant critiqu\u00e9e par les amateurs de complexit\u00e9 \u2014 est la bonne quand il s&#8217;agit de mettre l&#8217;outil informatique dans les mains d&#8217;utilisateurs &#8220;normaux&#8221; : de leur mettre l&#8217;outil informatique entre les mains non pas comme outil <em>informatique<\/em>, mais comme outil <em>pour faire quelque chose avec lui<\/em>.<\/p>\n\n<p>Cette logique qui consiste \u00e0 rendre une application (informatique) aussi banale que peut l&#8217;\u00eatre un crayon (analogique) ou qu&#8217;une feuille de papier (analogique) et, m\u00eame si \u00e7a semblera s\u00fbrement paradoxal \u00e0 lire aujourd&#8217;hui alors que Apple est souvent pr\u00e9sent\u00e9e comme l&#8217;incarnation du marketing triomphant et de la mode &#8220;high-tech&#8221;, \u00e0 la rendre aussi peu prestigieuse que le sont un crayon ou une feuille de papier.<\/p>\n\n<p>Concr\u00e8tement, quand elle r\u00e9sume sa journ\u00e9e de petite fille et confie ses pens\u00e9es les plus intimes \u00e0 Day One, ma ni\u00e8ce se fiche de savoir qu&#8217;elle cr\u00e9e un fichier (TXT ou DOC ou ODT ou m\u00eame PROUTPROUT \u2014 encore que cette derni\u00e8re extension la ferait certainement rigoler), elle se fiche de savoir que ce fichier contient, ou pas, un balisage XML et est en r\u00e9alit\u00e9 compos\u00e9 d&#8217;octets qui sont enregistr\u00e9s dans le syst\u00e8me de fichiers quelque part sur le <s>disque dur<\/s><em>le SSD<\/em> du Mac, elle se fiche de savoir que ce syst\u00e8me de fichier est lui-m\u00eame accessible via le Finder de OS X. De tout \u00e7a, ma ni\u00e8ce ch\u00e9rie, s&#8217;en bat les co&#8230;uettes.<\/p>\n\n<p>Ce dont elle ne se fiche pas, en revanche, c&#8217;est de cliquer sur l&#8217;ic\u00f4ne de Day One, puis sur le signe <strong>+<\/strong>, pour ajouter une entr\u00e9e \u00e0 son journal.<\/p>\n\n<p>Ce dont elle ne se fiche pas, c&#8217;est de parcourir le calendrier dans Day One, pour relire son journal. <s>Un peu<\/s><em>Exactement<\/em> comme elle tourne les pages de <a href=\"http:\/\/davidbosman.fr\/blog\/2012\/03\/27\/un-journal-rose-avec-un-elastique-la\/\">son autre journal en papier<\/a> \u2014 sans se dire que chaque page qu&#8217;elle tourne est le r\u00e9sultat d&#8217;un long et lourd processus industriel qui part d&#8217;arbres tron\u00e7onn\u00e9s, de chlore et de beaucoup d&#8217;eau (processus, dont ni vous ni moi, je le parie, ne connaissons vraiment tous les aspects) avant de finir sous la forme d&#8217;un pseudo v\u00e9lin d\u00e9licatement tint\u00e9 et soigneusement reli\u00e9, soyeux au toucher et juste \u00e9pais comme il faut pour \u00eatre agr\u00e9able \u00e0 caresser, donc \u00e0 feuilleter.<\/p>\n\n<p>Elle tient son journal, dans Day One comme dans son carnet rose. Et c&#8217;est g\u00e9nial. Putain, merde quoi.<\/p>\n\n<p>Je ne comprends pas en quoi rendre un journal \u00e9lectronique aussi transparent et intuitif qu&#8217;un journal papier repr\u00e9sente une perte ou un emprisonnement pour l&#8217;utilisateur ?<\/p>\n\n<p>&#8230; \u00c0 moins de gravement confondre deux notions.<\/p>\n\n<p>Bien s\u00fbr, pour le moment, elle ne comprend rien \u00e0 ce qui se passe sous le capot du Mac. Et alors ? Il faudrait voir \u00e0 ne pas confondre l&#8217;ignorance \u2014 qui est le fait de ne pas savoir quelque chose \u2014 et l&#8217;incapacit\u00e9 \u00e0 comprendre ladite chose \u2014 qui est le caract\u00e8re de l&#8217;imb\u00e9cilit\u00e9 ou de la stupidit\u00e9. Ce sont deux choses diff\u00e9rentes.<\/p>\n\n<p>Le jour o\u00f9\/si un jour elle d\u00e9cide de s&#8217;y int\u00e9resser, elle pourra toujours creuser la question (et si elle le souhaite, je serais plus que ravi de l&#8217;y aider), mais ce sera son choix de le faire, ou pas. Est-ce une mauvaise chose, d&#8217;avoir le choix ?<\/p>\n\n<p>En attendant, elle \u00e9crit. Elle pourrait dessiner, chanter, composer,&#8230;<\/p>\n\n<h3>Sur le m\u00eame sujet<\/h3>\n\n<p><a href=\"http:\/\/davidbosman.fr\/blog\/2011\/10\/10\/quand-la-technologie-sefface\/\">Quand la technologie s\u2019efface<\/a><\/p>\n","protected":false},"excerpt":{"rendered":"<p>Sans rien lui dire, j&#8217;avais install\u00e9 Day One sur le Mac de ma ni\u00e8ce, quand je le lui ai configur\u00e9. Je ne pensais pas lui en parler avant encore un petit temps, mais il \u00e9tait l\u00e0, attendant qu&#8217;elle soit pr\u00eate &hellip; <a href=\"https:\/\/www.davidbosman.fr\/blog\/2012\/06\/24\/day-one-cest-comme-apple-ca-marche\/\">Read more &rarr;<\/a><\/p>","protected":false},"author":2,"featured_media":0,"comment_status":"open","ping_status":"open","sticky":false,"template":"","format":"standard","meta":{"footnotes":""},"categories":[9],"tags":[39,21,67,4,5],"class_list":["post-12909","post","type-post","status-publish","format-standard","hentry","category-mac","tag-apple","tag-ecriture","tag-laure","tag-societe","tag-zen"],"_links":{"self":[{"href":"https:\/\/www.davidbosman.fr\/blog\/wp-json\/wp\/v2\/posts\/12909","targetHints":{"allow":["GET"]}}],"collection":[{"href":"https:\/\/www.davidbosman.fr\/blog\/wp-json\/wp\/v2\/posts"}],"about":[{"href":"https:\/\/www.davidbosman.fr\/blog\/wp-json\/wp\/v2\/types\/post"}],"author":[{"embeddable":true,"href":"https:\/\/www.davidbosman.fr\/blog\/wp-json\/wp\/v2\/users\/2"}],"replies":[{"embeddable":true,"href":"https:\/\/www.davidbosman.fr\/blog\/wp-json\/wp\/v2\/comments?post=12909"}],"version-history":[{"count":5,"href":"https:\/\/www.davidbosman.fr\/blog\/wp-json\/wp\/v2\/posts\/12909\/revisions"}],"predecessor-version":[{"id":12915,"href":"https:\/\/www.davidbosman.fr\/blog\/wp-json\/wp\/v2\/posts\/12909\/revisions\/12915"}],"wp:attachment":[{"href":"https:\/\/www.davidbosman.fr\/blog\/wp-json\/wp\/v2\/media?parent=12909"}],"wp:term":[{"taxonomy":"category","embeddable":true,"href":"https:\/\/www.davidbosman.fr\/blog\/wp-json\/wp\/v2\/categories?post=12909"},{"taxonomy":"post_tag","embeddable":true,"href":"https:\/\/www.davidbosman.fr\/blog\/wp-json\/wp\/v2\/tags?post=12909"}],"curies":[{"name":"wp","href":"https:\/\/api.w.org\/{rel}","templated":true}]}}