{"id":12893,"date":"2012-06-22T15:12:18","date_gmt":"2012-06-22T13:12:18","guid":{"rendered":"http:\/\/davidbosman.fr\/blog\/2012\/06\/22\/telecharger-les-videos-arte-depuis-os-x-ou-ubuntu\/"},"modified":"2012-06-22T15:12:18","modified_gmt":"2012-06-22T13:12:18","slug":"telecharger-les-videos-arte-depuis-os-x-ou-ubuntu","status":"publish","type":"post","link":"https:\/\/www.davidbosman.fr\/blog\/2012\/06\/22\/telecharger-les-videos-arte-depuis-os-x-ou-ubuntu\/","title":{"rendered":"T\u00e9l\u00e9charger les vid\u00e9os ARTE depuis OS X ou Ubuntu"},"content":{"rendered":"<p><a href=\"http:\/\/davidbosman.fr\/blog\/2011\/12\/10\/telecharger-les-programmes-de-arte\/\">Pour m\u00e9moire<\/a>. Pratique lorsqu&#8217;on a pas la TV et qu&#8217;on aimerait voir tel ou tel programme de ARTE.<\/p>\n\n<p><img decoding=\"async\" src=\"http:\/\/davidbosman.fr\/blog\/wp-content\/uploads\/2012\/06\/mediathek.png\" alt=\"mediathek\" \/><\/p>\n\n<p>PS : il faudra peut-\u00eatre cocher\/d\u00e9cocher l&#8217;option <strong>Rechercher en langue \u00e9trang\u00e8re<\/strong>, dans les <strong>Pr\u00e9f\u00e9rences<\/strong> de Mediathek, pour obtenir la liste des programmes disponibles en fran\u00e7ais.<\/p>\n","protected":false},"excerpt":{"rendered":"<p>Pour m\u00e9moire. Pratique lorsqu&#8217;on a pas la TV et qu&#8217;on aimerait voir tel ou tel programme de ARTE. PS : il faudra peut-\u00eatre cocher\/d\u00e9cocher l&#8217;option Rechercher en langue \u00e9trang\u00e8re, dans les Pr\u00e9f\u00e9rences de Mediathek, pour obtenir la liste des programmes &hellip; <a href=\"https:\/\/www.davidbosman.fr\/blog\/2012\/06\/22\/telecharger-les-videos-arte-depuis-os-x-ou-ubuntu\/\">Read more &rarr;<\/a><\/p>","protected":false},"author":2,"featured_media":0,"comment_status":"open","ping_status":"open","sticky":false,"template":"","format":"standard","meta":{"footnotes":""},"categories":[9,12],"tags":[39,70],"class_list":["post-12893","post","type-post","status-publish","format-standard","hentry","category-mac","category-trucs-et-astuces","tag-apple","tag-ubuntu"],"_links":{"self":[{"href":"https:\/\/www.davidbosman.fr\/blog\/wp-json\/wp\/v2\/posts\/12893","targetHints":{"allow":["GET"]}}],"collection":[{"href":"https:\/\/www.davidbosman.fr\/blog\/wp-json\/wp\/v2\/posts"}],"about":[{"href":"https:\/\/www.davidbosman.fr\/blog\/wp-json\/wp\/v2\/types\/post"}],"author":[{"embeddable":true,"href":"https:\/\/www.davidbosman.fr\/blog\/wp-json\/wp\/v2\/users\/2"}],"replies":[{"embeddable":true,"href":"https:\/\/www.davidbosman.fr\/blog\/wp-json\/wp\/v2\/comments?post=12893"}],"version-history":[{"count":0,"href":"https:\/\/www.davidbosman.fr\/blog\/wp-json\/wp\/v2\/posts\/12893\/revisions"}],"wp:attachment":[{"href":"https:\/\/www.davidbosman.fr\/blog\/wp-json\/wp\/v2\/media?parent=12893"}],"wp:term":[{"taxonomy":"category","embeddable":true,"href":"https:\/\/www.davidbosman.fr\/blog\/wp-json\/wp\/v2\/categories?post=12893"},{"taxonomy":"post_tag","embeddable":true,"href":"https:\/\/www.davidbosman.fr\/blog\/wp-json\/wp\/v2\/tags?post=12893"}],"curies":[{"name":"wp","href":"https:\/\/api.w.org\/{rel}","templated":true}]}}