{"id":12723,"date":"2012-05-30T06:30:59","date_gmt":"2012-05-30T05:30:59","guid":{"rendered":"http:\/\/davidbosman.fr\/blog\/2012\/05\/30\/prendre-du-recul-ou-juste-apprendre-a-lire\/"},"modified":"2012-05-30T06:30:59","modified_gmt":"2012-05-30T05:30:59","slug":"prendre-du-recul-ou-juste-apprendre-a-lire","status":"publish","type":"post","link":"https:\/\/www.davidbosman.fr\/blog\/2012\/05\/30\/prendre-du-recul-ou-juste-apprendre-a-lire\/","title":{"rendered":"Prendre du recul (ou juste apprendre \u00e0 lire ?)"},"content":{"rendered":"<p>H\u00e9 b\u00e9&#8230; <a href=\"http:\/\/davidbosman.fr\/blog\/2012\/05\/30\/apples-crystal-prison-and-the-future-of-open-platforms\/\">\u00c0 peine post\u00e9<\/a>, je me fais d\u00e9j\u00e0 lyncher pour oser publier la &#8220;propagande anti-Apple&#8221; de la EFF.<\/p>\n\n<p>Deux remarques, \u00e0 l&#8217;attention du petit comique qui m&#8217;a \u00e9crit et qui se reconna\u00eetra :<\/p>\n\n<ul>\n<li>Lis l&#8217;article (et ce que publie r\u00e9guli\u00e8rement la EFF), tu verras qu&#8217;ils sont loin d&#8217;\u00eatre &#8220;anti-Apple&#8221;. Il y a une diff\u00e9rence entre critiquer ou questionner et ha\u00efr.<\/li>\n<li>Publier un lien vers un article n&#8217;implique pas forc\u00e9ment qu&#8217;on soit d&#8217;accord avec son contenu. Un peu comme parler de toi ici n&#8217;implique pas que je sois d&#8217;accord avec ton avis sur ma stupidit\u00e9, ni avec ton apparente pr\u00e9dilection pour les insultes.<\/li>\n<\/ul>\n\n<p>Je n&#8217;adh\u00e8re pas du tout \u00e0 cette id\u00e9e de prison de cristal (ou dor\u00e9e), mais la critique reste tr\u00e8s pertinente \u00e0 mon avis sur le risque de perdre quelque chose d&#8217;important, en chemin vers plus de facilit\u00e9 et de prise en charge.<\/p>\n\n<p>Si tu sais lire, et si tu veux vraiment conna\u00eetre mon avis sur la question, je te sugg\u00e8re de creuser les archives du blog. Par exemple :<\/p>\n\n<ul>\n<li><a href=\"http:\/\/davidbosman.fr\/blog\/2012\/01\/24\/je-taime-moi-non-plus\/\">Je t\u2019aime, moi non plus<\/a>  (janvier 2012)  <\/li>\n<li><a href=\"http:\/\/davidbosman.fr\/blog\/2011\/12\/31\/tout-apple\/\">Tout Apple<\/a>  (d\u00e9cembre 2011)<\/li>\n<li><a href=\"http:\/\/davidbosman.fr\/blog\/2011\/10\/10\/quand-la-technologie-sefface\/\">Quand la technologie s\u2019efface<\/a> (octobre 2011)  <\/li>\n<li><a href=\"http:\/\/davidbosman.fr\/blog\/2011\/08\/26\/apple-cest-le-mal\/\">Apple, c\u2019est le mal<\/a> (ao\u00fbt 2011)  <\/li>\n<li><a href=\"http:\/\/davidbosman.fr\/blog\/2011\/04\/27\/nayez-pas-peur-de-foutre-le-bordel\/\">N\u2019ayez pas peur de foutre le bordel<\/a> (avril 2011)<\/li>\n<li><a href=\"http:\/\/davidbosman.fr\/blog\/2010\/06\/04\/lipad-au-dela-de-la-chasse-aux-sorcieres\/\">L\u2019iPad, au-del\u00e0 de la chasse aux sorci\u00e8res<\/a> (juin 2010)  <\/li>\n<li><strong>Etc.<\/strong><\/li>\n<\/ul>\n\n<p>An Apple a day keeps the doctor away.<\/p>\n","protected":false},"excerpt":{"rendered":"<p>H\u00e9 b\u00e9&#8230; \u00c0 peine post\u00e9, je me fais d\u00e9j\u00e0 lyncher pour oser publier la &#8220;propagande anti-Apple&#8221; de la EFF. Deux remarques, \u00e0 l&#8217;attention du petit comique qui m&#8217;a \u00e9crit et qui se reconna\u00eetra : Lis l&#8217;article (et ce que publie &hellip; <a href=\"https:\/\/www.davidbosman.fr\/blog\/2012\/05\/30\/prendre-du-recul-ou-juste-apprendre-a-lire\/\">Read more &rarr;<\/a><\/p>","protected":false},"author":2,"featured_media":0,"comment_status":"open","ping_status":"open","sticky":false,"template":"","format":"standard","meta":{"footnotes":""},"categories":[1],"tags":[],"class_list":["post-12723","post","type-post","status-publish","format-standard","hentry","category-general"],"_links":{"self":[{"href":"https:\/\/www.davidbosman.fr\/blog\/wp-json\/wp\/v2\/posts\/12723","targetHints":{"allow":["GET"]}}],"collection":[{"href":"https:\/\/www.davidbosman.fr\/blog\/wp-json\/wp\/v2\/posts"}],"about":[{"href":"https:\/\/www.davidbosman.fr\/blog\/wp-json\/wp\/v2\/types\/post"}],"author":[{"embeddable":true,"href":"https:\/\/www.davidbosman.fr\/blog\/wp-json\/wp\/v2\/users\/2"}],"replies":[{"embeddable":true,"href":"https:\/\/www.davidbosman.fr\/blog\/wp-json\/wp\/v2\/comments?post=12723"}],"version-history":[{"count":0,"href":"https:\/\/www.davidbosman.fr\/blog\/wp-json\/wp\/v2\/posts\/12723\/revisions"}],"wp:attachment":[{"href":"https:\/\/www.davidbosman.fr\/blog\/wp-json\/wp\/v2\/media?parent=12723"}],"wp:term":[{"taxonomy":"category","embeddable":true,"href":"https:\/\/www.davidbosman.fr\/blog\/wp-json\/wp\/v2\/categories?post=12723"},{"taxonomy":"post_tag","embeddable":true,"href":"https:\/\/www.davidbosman.fr\/blog\/wp-json\/wp\/v2\/tags?post=12723"}],"curies":[{"name":"wp","href":"https:\/\/api.w.org\/{rel}","templated":true}]}}