{"id":12667,"date":"2012-05-23T09:20:06","date_gmt":"2012-05-23T08:20:06","guid":{"rendered":"http:\/\/davidbosman.fr\/blog\/2012\/05\/23\/a-propos-de-la-pomme-a-lenvers\/"},"modified":"2012-05-23T10:48:25","modified_gmt":"2012-05-23T09:48:25","slug":"a-propos-de-la-pomme-a-lenvers","status":"publish","type":"post","link":"https:\/\/www.davidbosman.fr\/blog\/2012\/05\/23\/a-propos-de-la-pomme-a-lenvers\/","title":{"rendered":"\u00c0 propos de la pomme \u00e0 l&#8217;envers"},"content":{"rendered":"<p>Tout le monde ne conna\u00eet pas l&#8217;histoire derri\u00e8re le changement d&#8217;orientation du logo Apple sur le capot des portables, que nous rappelle <a href=\"http:\/\/blog.gete.net\/2012\/05\/23\/le-mystere-du-logo-a-lenvers\/\">Guillaume Gete : Le myst\u00e8re du logo \u00e0 l\u2019envers<\/a> :<\/p>\n\n<blockquote>\n  <p>Peut-\u00eatre qu\u2019il est temps qu\u2019Apple se penche r\u00e9ellement sur le probl\u00e8me, en ajoutant une Pomme qui change d\u2019orientation selon que le portable est ouvert ou non\u2026 Allez Apple, surprends-nous !<\/p>\n<\/blockquote>\n\n<p>N&#8217;emp\u00eache, \u00e0 l&#8217;envers ou \u00e0 l&#8217;endroit, moi, ce qui me manque encore aujourd&#8217;hui, c&#8217;est la pomme arc-en-ciel qu&#8217;avait dessin\u00e9e <a href=\"http:\/\/fr.wikipedia.org\/wiki\/Rob_Janoff\">Janoff<\/a>.<\/p>\n","protected":false},"excerpt":{"rendered":"<p>Tout le monde ne conna\u00eet pas l&#8217;histoire derri\u00e8re le changement d&#8217;orientation du logo Apple sur le capot des portables, que nous rappelle Guillaume Gete : Le myst\u00e8re du logo \u00e0 l\u2019envers : Peut-\u00eatre qu\u2019il est temps qu\u2019Apple se penche r\u00e9ellement &hellip; <a href=\"https:\/\/www.davidbosman.fr\/blog\/2012\/05\/23\/a-propos-de-la-pomme-a-lenvers\/\">Read more &rarr;<\/a><\/p>","protected":false},"author":2,"featured_media":0,"comment_status":"open","ping_status":"open","sticky":false,"template":"","format":"standard","meta":{"footnotes":""},"categories":[1],"tags":[39],"class_list":["post-12667","post","type-post","status-publish","format-standard","hentry","category-general","tag-apple"],"_links":{"self":[{"href":"https:\/\/www.davidbosman.fr\/blog\/wp-json\/wp\/v2\/posts\/12667","targetHints":{"allow":["GET"]}}],"collection":[{"href":"https:\/\/www.davidbosman.fr\/blog\/wp-json\/wp\/v2\/posts"}],"about":[{"href":"https:\/\/www.davidbosman.fr\/blog\/wp-json\/wp\/v2\/types\/post"}],"author":[{"embeddable":true,"href":"https:\/\/www.davidbosman.fr\/blog\/wp-json\/wp\/v2\/users\/2"}],"replies":[{"embeddable":true,"href":"https:\/\/www.davidbosman.fr\/blog\/wp-json\/wp\/v2\/comments?post=12667"}],"version-history":[{"count":4,"href":"https:\/\/www.davidbosman.fr\/blog\/wp-json\/wp\/v2\/posts\/12667\/revisions"}],"predecessor-version":[{"id":12671,"href":"https:\/\/www.davidbosman.fr\/blog\/wp-json\/wp\/v2\/posts\/12667\/revisions\/12671"}],"wp:attachment":[{"href":"https:\/\/www.davidbosman.fr\/blog\/wp-json\/wp\/v2\/media?parent=12667"}],"wp:term":[{"taxonomy":"category","embeddable":true,"href":"https:\/\/www.davidbosman.fr\/blog\/wp-json\/wp\/v2\/categories?post=12667"},{"taxonomy":"post_tag","embeddable":true,"href":"https:\/\/www.davidbosman.fr\/blog\/wp-json\/wp\/v2\/tags?post=12667"}],"curies":[{"name":"wp","href":"https:\/\/api.w.org\/{rel}","templated":true}]}}