{"id":12536,"date":"2012-04-22T14:00:22","date_gmt":"2012-04-22T13:00:22","guid":{"rendered":"http:\/\/davidbosman.fr\/blog\/2012\/04\/22\/bureau-mobile\/"},"modified":"2012-04-22T14:05:16","modified_gmt":"2012-04-22T13:05:16","slug":"bureau-mobile","status":"publish","type":"post","link":"https:\/\/www.davidbosman.fr\/blog\/2012\/04\/22\/bureau-mobile\/","title":{"rendered":"Bureau mobile"},"content":{"rendered":"<p><img decoding=\"async\" src=\"http:\/\/davidbosman.fr\/blog\/wp-content\/uploads\/2012\/04\/bureau_mobile.png\" alt=\"bureau mobile\" \/><\/p>\n\n<p>Le Kindle, pour acc\u00e9der aux r\u00e9f\u00e9rences. Un stylo et un bloc-notes pour \u2014 accrochez-vous \u00e0 vos bretelles, \u00e7a surprend \u2014 prendre des notes, tout en lisant. Et deux cuisses, pour les y poser.<\/p>\n\n<p>Pas de Mac, pas d&#8217;iPad ?<\/p>\n\n<p>Le Mac est dans une autre pi\u00e8ce, pos\u00e9 sur un vrai bureau. Il attend son tour. Notez qu&#8217;il aurait pu \u00eatre pos\u00e9 sur le canap\u00e9, \u00e0 c\u00f4t\u00e9 de moi. C&#8217;est juste que je n&#8217;en ai pas besoin \u00e0 ce stade du travail.<\/p>\n\n<p><a href=\"http:\/\/davidbosman.fr\/blog\/2012\/03\/19\/ihave-plus-dipad\/\">J&#8217;ai du mal \u00e0 me passer de l&#8217;iPad<\/a>, je ne vous le cache pas. Par contre, je ne pourrais pas me passer d&#8217;un bloc-notes et d&#8217;un stylo : je n&#8217;ai encore rien trouv\u00e9 de mieux pour prendre des notes et aussi, surtout, pour travailler \u00e0 une cadence qui me convient mieux.<\/p>\n\n<p>Appelez-moi mou du bulbe si \u00e7a vous chante, mais j&#8217;ai parfois besoin de laisser m\u00fbrir les id\u00e9es, non pas en les contemplant dans le vide <s>abyssal<\/s><em>\u00e9th\u00e9r\u00e9<\/em> de ma (si jolie) petite t\u00eate, mais en les laissant sortir plus doucement, plus tendrement, en ne les dactylographiant pas sur un \u00e9cran, en ne d\u00e9composant pas chaque id\u00e9e, chaque paragraphe, chaque phrase et chaque mot en ses atomes : une s\u00e9rie de lettres \u00e9parses et \u00e9parpill\u00e9es sur la surface d&#8217;un clavier \u2014 clavier gr\u00e2ce auquel, c&#8217;est vrai, je tape beaucoup plus rapidement et plus lisiblement que je n&#8217;\u00e9crirai jamais \u00e0 la main. Mais, je vous le disais, parfois j&#8217;ai besoin de lenteur. Et j&#8217;aime \u00e7a.<\/p>\n","protected":false},"excerpt":{"rendered":"<p>Le Kindle, pour acc\u00e9der aux r\u00e9f\u00e9rences. Un stylo et un bloc-notes pour \u2014 accrochez-vous \u00e0 vos bretelles, \u00e7a surprend \u2014 prendre des notes, tout en lisant. Et deux cuisses, pour les y poser. Pas de Mac, pas d&#8217;iPad ? Le &hellip; <a href=\"https:\/\/www.davidbosman.fr\/blog\/2012\/04\/22\/bureau-mobile\/\">Read more &rarr;<\/a><\/p>","protected":false},"author":2,"featured_media":0,"comment_status":"open","ping_status":"open","sticky":false,"template":"","format":"standard","meta":{"footnotes":""},"categories":[1],"tags":[21,5],"class_list":["post-12536","post","type-post","status-publish","format-standard","hentry","category-general","tag-ecriture","tag-zen"],"_links":{"self":[{"href":"https:\/\/www.davidbosman.fr\/blog\/wp-json\/wp\/v2\/posts\/12536","targetHints":{"allow":["GET"]}}],"collection":[{"href":"https:\/\/www.davidbosman.fr\/blog\/wp-json\/wp\/v2\/posts"}],"about":[{"href":"https:\/\/www.davidbosman.fr\/blog\/wp-json\/wp\/v2\/types\/post"}],"author":[{"embeddable":true,"href":"https:\/\/www.davidbosman.fr\/blog\/wp-json\/wp\/v2\/users\/2"}],"replies":[{"embeddable":true,"href":"https:\/\/www.davidbosman.fr\/blog\/wp-json\/wp\/v2\/comments?post=12536"}],"version-history":[{"count":1,"href":"https:\/\/www.davidbosman.fr\/blog\/wp-json\/wp\/v2\/posts\/12536\/revisions"}],"predecessor-version":[{"id":12537,"href":"https:\/\/www.davidbosman.fr\/blog\/wp-json\/wp\/v2\/posts\/12536\/revisions\/12537"}],"wp:attachment":[{"href":"https:\/\/www.davidbosman.fr\/blog\/wp-json\/wp\/v2\/media?parent=12536"}],"wp:term":[{"taxonomy":"category","embeddable":true,"href":"https:\/\/www.davidbosman.fr\/blog\/wp-json\/wp\/v2\/categories?post=12536"},{"taxonomy":"post_tag","embeddable":true,"href":"https:\/\/www.davidbosman.fr\/blog\/wp-json\/wp\/v2\/tags?post=12536"}],"curies":[{"name":"wp","href":"https:\/\/api.w.org\/{rel}","templated":true}]}}