{"id":12386,"date":"2012-03-27T18:42:43","date_gmt":"2012-03-27T17:42:43","guid":{"rendered":"http:\/\/davidbosman.fr\/blog\/2012\/03\/27\/anarchie-oui-mais\/"},"modified":"2012-03-27T18:42:43","modified_gmt":"2012-03-27T17:42:43","slug":"anarchie-oui-mais","status":"publish","type":"post","link":"https:\/\/www.davidbosman.fr\/blog\/2012\/03\/27\/anarchie-oui-mais\/","title":{"rendered":"Anarchie, oui mais"},"content":{"rendered":"<blockquote>\n  <p>Le \u00ab hors-domination \u00bb raisonn\u00e9 n\u2019est pas un peureux, il jouit de toutes choses, mord \u00e0 toutes choses, dans les limites de l\u2019appr\u00e9ciation individuelle. Il go\u00fbte \u00e0 tout et rien ne lui r\u00e9pugne, <strong>sous condition de garder son \u00e9quilibre moral<\/strong>.\n  <br><br>\n  (<a href=\"http:\/\/infokiosques.net\/lire.php?id_article=932\">E. Armand, Se sentir vivre, avril 1910<\/a>. Je souligne)<\/p>\n<\/blockquote>\n\n<p>On sera donc un anarchiste pour pleinement savourer la vie, mais faudrait voir \u00e0 ne pas devenir un vilain pervers sans morale pour autant.<\/p>\n\n<div align=\"center\"><img decoding=\"async\" src=\"http:\/\/davidbosman.fr\/images\/zen.png\" alt=\"\" zen=\"\" style=\"border: 0px none ;\"><\/div>\n\n<p>Quand je tombe sur des \u00e9crits anarchistes, je suis toujours \u00e9tonn\u00e9 \u00e0 la fois  par mon incapacit\u00e9 \u00e0 comprendre l&#8217;anarchisme (qui me semble \u00eatre une plaisanterie aussi na\u00efve que pr\u00e9tentieuse) et par ce petit \u00e9lan d&#8217;affection que j&#8217;\u00e9prouve pour (ce que je comprends de) l&#8217;anarchie : cette certitude de l\u00e9gitimement pouvoir faire un pied de nez \u00e0 tout le monde (enfin, \u00e0 presque tout le monde puisqu&#8217;il semblerait que l&#8217;on doive pr\u00e9server notre &#8220;\u00e9quilibre moral&#8221;). Mon c\u00f4t\u00e9 potache, j&#8217;imagine.<\/p>\n\n<blockquote>\n  <p>Qui n\u2019a pas son parti \u2013 son programme \u2013 sa profession de foi ? Qui n\u2019est pas socialiste ou radical ou progressiste ou lib\u00e9ral ou \u00ab proportionnaliste \u00bb \u2013 le dernier cri du jour ? C\u2019est la grande maladie du si\u00e8cle, cette abn\u00e9gation du moi. On est d\u2019une association, d\u2019un syndicat, d\u2019un parti ; on partage l\u2019opinion, les convictions, la r\u00e8gle de conduite d\u2019autrui. On est le men\u00e9, le suiveur, le disciple, l\u2019esclave, jamais soi-m\u00eame.<br><br>\n  Il en co\u00fbte moins, c\u2019est vrai. Appartenir \u00e0 un parti, adopter le programme d\u2019un autre, se r\u00e9gler sur une ligne de conduite collective, cela \u00e9vite de penser, de r\u00e9fl\u00e9chir, de se cr\u00e9er des id\u00e9es \u00e0 soi. Cela dispense de r\u00e9agir par soi-m\u00eame.<\/p>\n<\/blockquote>\n\n<p>Extrait du m\u00eame texte. Je ne peux qu&#8217;appr\u00e9cier cette r\u00e9flexion sur notre c\u00f4t\u00e9 gr\u00e9gaire (et notre paresse), notre soci\u00e9t\u00e9 ayant \u00e9lev\u00e9 le conformisme \u2014 le consensus et le politiquement correct, m\u00eame d\u00e9guis\u00e9 en &#8220;cool&#8221; ou en rebelle \u2014 en v\u00e9ritable religion, comme peu de soci\u00e9t\u00e9s avant elle avaient r\u00e9ussi \u00e0 le faire.<\/p>\n\n<p>Mais cette id\u00e9e d&#8217;un &#8220;soi&#8221; qui pourrait \u00eatre ind\u00e9pendant de la soci\u00e9t\u00e9, qui existerait et s&#8217;affirmerait lib\u00e9r\u00e9 de toute influence (?), comme par magie (ou par la force de la volont\u00e9 et de l&#8217;\u00e9ducation), me fait gentiment sourire. Peut-\u00eatre que, pour moi, le vrai probl\u00e8me avec l&#8217;anarchie c&#8217;est l&#8217;id\u00e9e m\u00eame que l&#8217;expliquer (la th\u00e9oriser) soit possible ? Plus encore quand elle pr\u00e9tend s&#8217;expliquer elle-m\u00eame. Un peu comme de vouloir d\u00e9finir &#8220;la longueur de l&#8217;infini&#8221; ferait sourire ? Ou comme l&#8217;id\u00e9e de prendre Rousseau au s\u00e9rieux me fait sourire&#8230;<\/p>\n\n<p>Cela dit, s&#8217;il faut (sou)rire de quelqu&#8217;un ici, c&#8217;est probablement de moi.<\/p>\n\n<p>Bref, (mal ?)heureusement, je n&#8217;ai aucun drapeau qui claque au vent, m\u00eame pas noir. Je n&#8217;ai aucun &#8220;\u00e9quilibre moral&#8221; \u00e0 pr\u00e9server, non plus.<\/p>\n","protected":false},"excerpt":{"rendered":"<p>Le \u00ab hors-domination \u00bb raisonn\u00e9 n\u2019est pas un peureux, il jouit de toutes choses, mord \u00e0 toutes choses, dans les limites de l\u2019appr\u00e9ciation individuelle. Il go\u00fbte \u00e0 tout et rien ne lui r\u00e9pugne, sous condition de garder son \u00e9quilibre moral. &hellip; <a href=\"https:\/\/www.davidbosman.fr\/blog\/2012\/03\/27\/anarchie-oui-mais\/\">Read more &rarr;<\/a><\/p>","protected":false},"author":2,"featured_media":0,"comment_status":"open","ping_status":"open","sticky":false,"template":"","format":"standard","meta":{"footnotes":""},"categories":[1],"tags":[4],"class_list":["post-12386","post","type-post","status-publish","format-standard","hentry","category-general","tag-societe"],"_links":{"self":[{"href":"https:\/\/www.davidbosman.fr\/blog\/wp-json\/wp\/v2\/posts\/12386","targetHints":{"allow":["GET"]}}],"collection":[{"href":"https:\/\/www.davidbosman.fr\/blog\/wp-json\/wp\/v2\/posts"}],"about":[{"href":"https:\/\/www.davidbosman.fr\/blog\/wp-json\/wp\/v2\/types\/post"}],"author":[{"embeddable":true,"href":"https:\/\/www.davidbosman.fr\/blog\/wp-json\/wp\/v2\/users\/2"}],"replies":[{"embeddable":true,"href":"https:\/\/www.davidbosman.fr\/blog\/wp-json\/wp\/v2\/comments?post=12386"}],"version-history":[{"count":0,"href":"https:\/\/www.davidbosman.fr\/blog\/wp-json\/wp\/v2\/posts\/12386\/revisions"}],"wp:attachment":[{"href":"https:\/\/www.davidbosman.fr\/blog\/wp-json\/wp\/v2\/media?parent=12386"}],"wp:term":[{"taxonomy":"category","embeddable":true,"href":"https:\/\/www.davidbosman.fr\/blog\/wp-json\/wp\/v2\/categories?post=12386"},{"taxonomy":"post_tag","embeddable":true,"href":"https:\/\/www.davidbosman.fr\/blog\/wp-json\/wp\/v2\/tags?post=12386"}],"curies":[{"name":"wp","href":"https:\/\/api.w.org\/{rel}","templated":true}]}}