{"id":12208,"date":"2012-02-05T16:00:46","date_gmt":"2012-02-05T15:00:46","guid":{"rendered":"http:\/\/davidbosman.fr\/blog\/2012\/02\/05\/nous-devons-proteger-notre-civilisation\/"},"modified":"2012-02-05T16:24:19","modified_gmt":"2012-02-05T15:24:19","slug":"nous-devons-proteger-notre-civilisation","status":"publish","type":"post","link":"https:\/\/www.davidbosman.fr\/blog\/2012\/02\/05\/nous-devons-proteger-notre-civilisation\/","title":{"rendered":"Nous devons prot\u00e9ger notre civilisation"},"content":{"rendered":"<blockquote>\n  <p>&#8220;Or il y a des comportements, qui n\u2019ont pas leur place dans notre pays, non pas parce qu\u2019ils sont \u00e9trangers, mais parce que nous ne les jugeons pas conformes \u00e0 notre vision du monde, \u00e0 celle, en particulier, de la dignit\u00e9 de la femme et de l\u2019homme. Contrairement \u00e0 ce que dit l\u2019id\u00e9ologie relativiste de gauche, pour nous, toutes les civilisations ne se valent pas. Celles qui d\u00e9fendent l\u2019humanit\u00e9 nous paraissent plus avanc\u00e9es que celles qui la nient. Celles qui d\u00e9fendent la libert\u00e9, l\u2019\u00e9galit\u00e9 et la fraternit\u00e9 nous paraissent sup\u00e9rieures \u00e0 celles qui acceptent la tyrannie, la minorit\u00e9 des femmes, la haine sociale ou ethnique. En tout \u00e9tat de cause, nous devons prot\u00e9ger notre civilisation.&#8221;<br><br><a href=\"http:\/\/www.lejdd.fr\/Politique\/Actualite\/Claude-Gueant-fait-polemique-en-declarant-que-toutes-les-civilisations-ne-se-valent-pas-484061\/?from=headlines\">Claude Gu\u00e9ant<\/a><\/p>\n<\/blockquote>\n\n<p>Je ne vais pas m&#8217;emmerder \u00e0 essayer de d\u00e9finir &#8220;la civilisation fran\u00e7aise&#8221; dont parle Claude Gu\u00e9ant \u2014 d&#8217;abord, parce que je ne suis pas aussi intelligent que M. Gu\u00e9ant qui sait bien des choses; ensuite, parce que je ne suis m\u00eame pas fran\u00e7ais, juste un amoureux de la France o\u00f9 j&#8217;ai choisi de vivre \u2014 mais j&#8217;aimerais bien comprendre une chose : prot\u00e9ger notre civilisation, soit, mais de quelle menace exactement ?<\/p>\n\n<p>Je veux dire : o\u00f9 sont les Anglais qu&#8217;il nous faut bouter hors de France \u2014 avant de nous r\u00e9signer \u00e0 finir sur le bucher, une fois le m\u00e9nage termin\u00e9 ?<\/p>\n\n<p>S&#8217;agit-il de ces civilisations &#8220;\u00e9trang\u00e8res&#8221; qui ne reconnaitraient pas encore l&#8217;\u00e9galit\u00e9 des hommes et des femmes (en France, le droit de vote n&#8217;a \u00e9t\u00e9 accord\u00e9 aux femmes <a href=\"http:\/\/fr.wikipedia.org\/wiki\/Droit_de_vote_des_femmes#De_la_Lib.C3.A9ration_.C3.A0_la_Ve_R.C3.A9publique\">qu&#8217;en <strong>janvier 1944<\/strong><\/a>, ma grand-m\u00e8re avait 32 ans et ma m\u00e8re na\u00eetra 5 ans plus tard, et le salaire d&#8217;une femme est aujourd&#8217;hui <a href=\"http:\/\/fr.wikipedia.org\/wiki\/In\u00e9galit\u00e9s_homme-femme#Economie_et_entreprise\">encore inf\u00e9rieur de 18,1% \u00e0 celui d&#8217;un homme<\/a>, \u00e0 poste \u00e9gal) ? Ou s&#8217;agit-il de la menace que repr\u00e9senterait une civilisation qui promeut <a href=\"http:\/\/fr.wikipedia.org\/wiki\/La\u00efcit\u00e9\">la pri\u00e8re du vendredi \u00e0 la place de celle du dimanche<\/a>  ? Ou s&#8217;agit-il la menace que repr\u00e9senterait une civilisation qui ne verrait la femme que voil\u00e9e de la t\u00eate aux pieds, l\u00e0 o\u00f9 nous ne la voyons que compl\u00e8tement d\u00e9voil\u00e9e \u2014  pour na pas dire carr\u00e9ment \u00e0 poil, les nichons et les fesses \u00e0 l&#8217;air, exhib\u00e9e comme un troph\u00e9e sur la moindre publicit\u00e9 pour vendre un morceau de camembert ou une bagnole ?<\/p>\n\n<p>Ou bien, si nous devions nous inqui\u00e9ter d&#8217;un menace, quelque chose qui pourrait mettre \u00e0 mal notre ch\u00e8re et belle France, ne vaudrait-il pas mieux prot\u00e9ger &#8220;notre civilisation&#8221; de cet app\u00e9tit insatiable qui pousse certains, pas forc\u00e9ment barbus ni machistes, \u00e0 brader ses id\u00e9aux, son savoir-faire et son avenir, les droits, la solidarit\u00e9 et la dignit\u00e9 de ses citoyen(ne)s, uniquement pour s&#8217;enrichir encore un peu plus, un peu plus facilement et un peu plus vite ?<\/p>\n\n<p>Ou de cette menace que repr\u00e9sentent des politiciens \u2014 hommes et femmes, en toute \u00e9galit\u00e9 dans la veulerie \u2014 qui choisissent de servir les puissants, dans l&#8217;espoir de ramasser quelques miettes, au lieu de servir le pays et ses citoyen(ne)s ? Ou encore cette menace que repr\u00e9sentent certains valets des \u00e9lus qui sont pr\u00eats \u00e0 tout pour faire gagner \u00e0 leur ma\u00eetre quelques voix aupr\u00e8s d&#8217;une poign\u00e9e de jeunes abrutis ?<\/p>\n\n<p>C&#8217;est juste une question, hein. Et na\u00efve avec \u00e7a, pour ne pas changer. Vive la France, vive la r\u00e9publique.<\/p>\n\n<p><img decoding=\"async\" src=\"http:\/\/davidbosman.fr\/blog\/wp-content\/uploads\/2012\/02\/jeanne.png\" alt=\"Jeanne\" \/><br \/>\nImage: <a href=\"http:\/\/fr.wikipedia.org\/wiki\/La_Passion_de_Jeanne_d'Arc\">La Passion de Jeanne d&#8217;Arc<\/a><\/p>\n","protected":false},"excerpt":{"rendered":"<p>&#8220;Or il y a des comportements, qui n\u2019ont pas leur place dans notre pays, non pas parce qu\u2019ils sont \u00e9trangers, mais parce que nous ne les jugeons pas conformes \u00e0 notre vision du monde, \u00e0 celle, en particulier, de la &hellip; <a href=\"https:\/\/www.davidbosman.fr\/blog\/2012\/02\/05\/nous-devons-proteger-notre-civilisation\/\">Read more &rarr;<\/a><\/p>","protected":false},"author":2,"featured_media":0,"comment_status":"open","ping_status":"open","sticky":false,"template":"","format":"standard","meta":{"footnotes":""},"categories":[11],"tags":[4],"class_list":["post-12208","post","type-post","status-publish","format-standard","hentry","category-chose-a-dit","tag-societe"],"_links":{"self":[{"href":"https:\/\/www.davidbosman.fr\/blog\/wp-json\/wp\/v2\/posts\/12208","targetHints":{"allow":["GET"]}}],"collection":[{"href":"https:\/\/www.davidbosman.fr\/blog\/wp-json\/wp\/v2\/posts"}],"about":[{"href":"https:\/\/www.davidbosman.fr\/blog\/wp-json\/wp\/v2\/types\/post"}],"author":[{"embeddable":true,"href":"https:\/\/www.davidbosman.fr\/blog\/wp-json\/wp\/v2\/users\/2"}],"replies":[{"embeddable":true,"href":"https:\/\/www.davidbosman.fr\/blog\/wp-json\/wp\/v2\/comments?post=12208"}],"version-history":[{"count":7,"href":"https:\/\/www.davidbosman.fr\/blog\/wp-json\/wp\/v2\/posts\/12208\/revisions"}],"predecessor-version":[{"id":12215,"href":"https:\/\/www.davidbosman.fr\/blog\/wp-json\/wp\/v2\/posts\/12208\/revisions\/12215"}],"wp:attachment":[{"href":"https:\/\/www.davidbosman.fr\/blog\/wp-json\/wp\/v2\/media?parent=12208"}],"wp:term":[{"taxonomy":"category","embeddable":true,"href":"https:\/\/www.davidbosman.fr\/blog\/wp-json\/wp\/v2\/categories?post=12208"},{"taxonomy":"post_tag","embeddable":true,"href":"https:\/\/www.davidbosman.fr\/blog\/wp-json\/wp\/v2\/tags?post=12208"}],"curies":[{"name":"wp","href":"https:\/\/api.w.org\/{rel}","templated":true}]}}