{"id":12164,"date":"2012-01-31T22:08:03","date_gmt":"2012-01-31T21:08:03","guid":{"rendered":"http:\/\/davidbosman.fr\/blog\/2012\/01\/31\/oublier-est-une-vitalite\/"},"modified":"2012-01-31T22:09:57","modified_gmt":"2012-01-31T21:09:57","slug":"oublier-est-une-vitalite","status":"publish","type":"post","link":"https:\/\/www.davidbosman.fr\/blog\/2012\/01\/31\/oublier-est-une-vitalite\/","title":{"rendered":"Oublier est une vitalit\u00e9"},"content":{"rendered":"<blockquote>\n  <blockquote>\n    <p>Ce vent de l\u2019oubli qui cr\u00e9e des souvenirs, ah ce vent, j\u2019en \u00e9coute le souffle, mon coeur frissonne \u00e0 la pens\u00e9e des choses que j\u2019ai v\u00e9cues&#8230;<br><\/p>\n  <\/blockquote>\n  \n  <p>Il ne m\u2019arrive jamais de m\u2019affliger ainsi, car je sais que si je me laisse aller \u00e0 la tristesse le pass\u00e9 m\u2019attirera vers lui. Cette id\u00e9e de vent m\u2019appartient \u00e0 moi, pas \u00e0 elle. Avant que nous en parlions, Ferah pensait qu\u2019oublier avait un lien avec la mort ; de toute fa\u00e7on, la mort, c\u2019est son mot magique. Elle parle de la mort comme elle rafra\u00eechirait son maquillage. C\u2019est ainsi qu\u2019elle s\u2019embellit, \u00e0 son propos doit s\u2019incruster la m\u00e9connaissance de la mort&#8230; C\u2019est moi qui lui avait dit qu\u2019oublier \u00e9tait une vitalit\u00e9 qui nous est souffl\u00e9e par le vent. Elle a adopt\u00e9 cette id\u00e9e ; dans peu de temps elle oubliera, elle finira par croire que c\u2019\u00e9tait sa propre id\u00e9e.\n  <br><br>(Latife Tekin, &#8220;Le jardin de l\u2019oubli&#8221;, in <a href=\"http:\/\/www.publie.net\/fr\/ebook\/9782814505520\/meydan-\u2013%C2%A0la-place\">MEYDAN | LA PLACE Anthologie d\u2019auteurs contemporains turcs<\/a>)<\/p>\n<\/blockquote>\n","protected":false},"excerpt":{"rendered":"<p>Ce vent de l\u2019oubli qui cr\u00e9e des souvenirs, ah ce vent, j\u2019en \u00e9coute le souffle, mon coeur frissonne \u00e0 la pens\u00e9e des choses que j\u2019ai v\u00e9cues&#8230; Il ne m\u2019arrive jamais de m\u2019affliger ainsi, car je sais que si je me &hellip; <a href=\"https:\/\/www.davidbosman.fr\/blog\/2012\/01\/31\/oublier-est-une-vitalite\/\">Read more &rarr;<\/a><\/p>","protected":false},"author":2,"featured_media":0,"comment_status":"open","ping_status":"open","sticky":false,"template":"","format":"standard","meta":{"footnotes":""},"categories":[11],"tags":[22],"class_list":["post-12164","post","type-post","status-publish","format-standard","hentry","category-chose-a-dit","tag-litterature"],"_links":{"self":[{"href":"https:\/\/www.davidbosman.fr\/blog\/wp-json\/wp\/v2\/posts\/12164","targetHints":{"allow":["GET"]}}],"collection":[{"href":"https:\/\/www.davidbosman.fr\/blog\/wp-json\/wp\/v2\/posts"}],"about":[{"href":"https:\/\/www.davidbosman.fr\/blog\/wp-json\/wp\/v2\/types\/post"}],"author":[{"embeddable":true,"href":"https:\/\/www.davidbosman.fr\/blog\/wp-json\/wp\/v2\/users\/2"}],"replies":[{"embeddable":true,"href":"https:\/\/www.davidbosman.fr\/blog\/wp-json\/wp\/v2\/comments?post=12164"}],"version-history":[{"count":1,"href":"https:\/\/www.davidbosman.fr\/blog\/wp-json\/wp\/v2\/posts\/12164\/revisions"}],"predecessor-version":[{"id":12165,"href":"https:\/\/www.davidbosman.fr\/blog\/wp-json\/wp\/v2\/posts\/12164\/revisions\/12165"}],"wp:attachment":[{"href":"https:\/\/www.davidbosman.fr\/blog\/wp-json\/wp\/v2\/media?parent=12164"}],"wp:term":[{"taxonomy":"category","embeddable":true,"href":"https:\/\/www.davidbosman.fr\/blog\/wp-json\/wp\/v2\/categories?post=12164"},{"taxonomy":"post_tag","embeddable":true,"href":"https:\/\/www.davidbosman.fr\/blog\/wp-json\/wp\/v2\/tags?post=12164"}],"curies":[{"name":"wp","href":"https:\/\/api.w.org\/{rel}","templated":true}]}}