{"id":11871,"date":"2011-12-13T21:17:39","date_gmt":"2011-12-13T20:17:39","guid":{"rendered":"http:\/\/davidbosman.fr\/blog\/2011\/12\/13\/minimalisme-ou-maximale-austerite\/"},"modified":"2011-12-13T21:23:42","modified_gmt":"2011-12-13T20:23:42","slug":"minimalisme-ou-maximale-austerite","status":"publish","type":"post","link":"https:\/\/www.davidbosman.fr\/blog\/2011\/12\/13\/minimalisme-ou-maximale-austerite\/","title":{"rendered":"Minimalisme ou maximale aust\u00e9rit\u00e9 ?"},"content":{"rendered":"<p>Le minimalisme est un sujet \u00e0 la mode, tout sp\u00e9cialement dans notre petite communaut\u00e9 d&#8217;utilisateurs de Mac. Mais pas seulement.<\/p>\n\n<p><img decoding=\"async\" src=\"http:\/\/davidbosman.fr\/blog\/wp-content\/uploads\/2011\/12\/img_0002jpg.png\" alt=\"Img 0002.jpg\" \/><br \/>\n<em>(<a href=\"http:\/\/davidbosman.fr\/blog\/wp-content\/uploads\/2011\/12\/img_0002.jpg\">clic = grand<\/a>) Emacs, d\u00e9marr\u00e9 dans un tty (un terminal en mode texte, sans images, sans souris, sans fen\u00eatre, ni rien), sous GNU\/Linux.<\/em><\/p>\n\n<p>O\u00f9 s&#8217;arr\u00eate le minimalisme et o\u00f9 commence l&#8217;aust\u00e9rit\u00e9 ? Peut-\u00eatre l\u00e0 o\u00f9 on l&#8217;on passe du &#8220;juste assez de&#8221; \u00e0 &#8220;se priver de&#8221; ? Chacun fixant la limite.<\/p>\n\n<div align=\"center\"><img decoding=\"async\" src=\"http:\/\/davidbosman.fr\/images\/zen.png\" alt=\"\" zen=\"\" style=\"border: 0px none ;\"><\/div>\n\n<p>Certes, c&#8217;est <s>sensiblement moins beau<\/s><em>c&#8217;est affreusement plus moche<\/em> que mon cher <a href=\"http:\/\/davidbosman.fr\/blog\/2011\/08\/04\/byword\/\">Byword<\/a> (ou que nvALT) sur Mac OS X, mais je peux \u00e9crire en Markdown si \u00e7a me chante, afficher un aper\u00e7u du r\u00e9sultat (et bien d&#8217;autres choses : c&#8217;est Emacs), et \u00e7a \u00e0 l&#8217;avantage d&#8217;\u00eatre disponible sur n&#8217;importe quel PC \u00e9quip\u00e9 de GNU\/Linux, donc m\u00eame sur de tr\u00e8s vieilles machines qui ne peuvent plus rien faire tourner de r\u00e9cent, ou sur des configurations tr\u00e8s modestes, sans ralentissement, pour un co\u00fbt nul.<\/p>\n\n<p>Bien entendu, je peux toujours revenir \u00e0 une interface graphique classique, d&#8217;un simple raccourci clavier.<\/p>\n","protected":false},"excerpt":{"rendered":"<p>Le minimalisme est un sujet \u00e0 la mode, tout sp\u00e9cialement dans notre petite communaut\u00e9 d&#8217;utilisateurs de Mac. Mais pas seulement. (clic = grand) Emacs, d\u00e9marr\u00e9 dans un tty (un terminal en mode texte, sans images, sans souris, sans fen\u00eatre, ni &hellip; <a href=\"https:\/\/www.davidbosman.fr\/blog\/2011\/12\/13\/minimalisme-ou-maximale-austerite\/\">Read more &rarr;<\/a><\/p>","protected":false},"author":2,"featured_media":0,"comment_status":"open","ping_status":"open","sticky":false,"template":"","format":"standard","meta":{"footnotes":""},"categories":[9,10],"tags":[39,21,105],"class_list":["post-11871","post","type-post","status-publish","format-standard","hentry","category-mac","category-linux","tag-apple","tag-ecriture","tag-linux"],"_links":{"self":[{"href":"https:\/\/www.davidbosman.fr\/blog\/wp-json\/wp\/v2\/posts\/11871","targetHints":{"allow":["GET"]}}],"collection":[{"href":"https:\/\/www.davidbosman.fr\/blog\/wp-json\/wp\/v2\/posts"}],"about":[{"href":"https:\/\/www.davidbosman.fr\/blog\/wp-json\/wp\/v2\/types\/post"}],"author":[{"embeddable":true,"href":"https:\/\/www.davidbosman.fr\/blog\/wp-json\/wp\/v2\/users\/2"}],"replies":[{"embeddable":true,"href":"https:\/\/www.davidbosman.fr\/blog\/wp-json\/wp\/v2\/comments?post=11871"}],"version-history":[{"count":1,"href":"https:\/\/www.davidbosman.fr\/blog\/wp-json\/wp\/v2\/posts\/11871\/revisions"}],"predecessor-version":[{"id":11872,"href":"https:\/\/www.davidbosman.fr\/blog\/wp-json\/wp\/v2\/posts\/11871\/revisions\/11872"}],"wp:attachment":[{"href":"https:\/\/www.davidbosman.fr\/blog\/wp-json\/wp\/v2\/media?parent=11871"}],"wp:term":[{"taxonomy":"category","embeddable":true,"href":"https:\/\/www.davidbosman.fr\/blog\/wp-json\/wp\/v2\/categories?post=11871"},{"taxonomy":"post_tag","embeddable":true,"href":"https:\/\/www.davidbosman.fr\/blog\/wp-json\/wp\/v2\/tags?post=11871"}],"curies":[{"name":"wp","href":"https:\/\/api.w.org\/{rel}","templated":true}]}}