{"id":11863,"date":"2011-12-10T11:11:52","date_gmt":"2011-12-10T10:11:52","guid":{"rendered":"http:\/\/davidbosman.fr\/blog\/2011\/12\/10\/telecharger-les-programmes-de-arte\/"},"modified":"2011-12-10T11:16:51","modified_gmt":"2011-12-10T10:16:51","slug":"telecharger-les-programmes-de-arte","status":"publish","type":"post","link":"https:\/\/www.davidbosman.fr\/blog\/2011\/12\/10\/telecharger-les-programmes-de-arte\/","title":{"rendered":"T\u00e9l\u00e9charger les programmes de ARTE"},"content":{"rendered":"<p>[Ce billet n&#8217;est pas sponsoris\u00e9 par Hadopi, mais il aurait pu.]<\/p>\n\n<p>Nous n&#8217;avons plus de TV depuis quelques ann\u00e9es. Il n&#8217;y a que deux choses qui me manquent : <em>Thalassa<\/em>, qui est diffus\u00e9e sur France 3 et, \u00e0 l&#8217;occasion, certains reportages ou documentaires sur ARTE.<\/p>\n\n<p>Je n&#8217;ai pas trouv\u00e9 comment r\u00e9cup\u00e9rer Thalassa (<em>des id\u00e9es ?<\/em>), mais il est facile de r\u00e9cup\u00e9rer les programmes rediffus\u00e9s sur ARTE+ (en streaming sur le sur site Web), du moins sur Mac et Ubuntu (je n&#8217;ai pas cherch\u00e9 comment faire sous Windows).<\/p>\n\n<h3>Sur Mac<\/h3>\n\n<p>T\u00e9l\u00e9chargez et installez <a href=\"http:\/\/appdrive.net\/mediathek\/\">Mediathek<\/a>. Une petite app qui r\u00e9cup\u00e8re les flux des cha\u00eenes allemandes, dont ARTE.<\/p>\n\n<p><img decoding=\"async\" src=\"http:\/\/davidbosman.fr\/blog\/wp-content\/uploads\/2011\/12\/mediathek_001png.png\" alt=\"Mediathek 001.png\" \/><\/p>\n\n<p>L&#8217;application \u00e9tant destin\u00e9e \u00e0 r\u00e9cup\u00e9rer les \u00e9missions allemandes, il faut changer une option dans les <strong>Pr\u00e9f\u00e9rences<\/strong> pour r\u00e9cup\u00e9rer les programmes de Arte diffus\u00e9s en fran\u00e7ais :<\/p>\n\n<p><img decoding=\"async\" src=\"http:\/\/davidbosman.fr\/blog\/wp-content\/uploads\/2011\/12\/mediathek_002png.png\" alt=\"Mediathek 002.png\" \/><\/p>\n\n<p>Au moment de lancer la recherche, pensez \u00e0 s\u00e9lectionner <strong>Arte France<\/strong> dans la liste qui apparait :<\/p>\n\n<p><img decoding=\"async\" src=\"http:\/\/davidbosman.fr\/blog\/wp-content\/uploads\/2011\/12\/mediathek_003png.png\" alt=\"Mediathek 003.png\" \/><\/p>\n\n<p>Les programmes sont enregistr\u00e9s en mp4.<\/p>\n\n<h3>Sur Ubuntu<\/h3>\n\n<p>Sur Ubuntu 11.10 (et probablement les versions plus anciennes, je n&#8217;ai pas test\u00e9), on installera le ppa de <strong>Qarte+7<\/strong> :<\/p>\n\n<pre><code>sudo add-apt-repository ppa:vincent-vandevyvre\/vvv\nsudo apt-get update\nsudo apt-get install qarte+7\n<\/code><\/pre>\n\n<p>Ensuite, il suffit de d\u00e9marrer l&#8217;appli et de faire son choix dans la liste des programmes :<\/p>\n\n<p><img decoding=\"async\" src=\"http:\/\/davidbosman.fr\/blog\/wp-content\/uploads\/2011\/12\/qartepng.png\" alt=\"Qarte.png\" \/><br \/>\n<a href=\"http:\/\/davidbosman.fr\/blog\/wp-content\/uploads\/2011\/12\/qarte.png\">Clic = grand<\/a><\/p>\n\n<p>La vid\u00e9o est t\u00e9l\u00e9charg\u00e9e au format Flash.<\/p>\n\n<p>De vous \u00e0 moi, je pr\u00e9f\u00e8re la version Ubuntu, dans laquelle je trouve plus facilement ce que je cherche. Si vous avez des suggestions d&#8217;applications Mac, <strong>ou pour r\u00e9cup\u00e9rer Thalassa<\/strong> : je suis preneur \ud83d\ude09<\/p>\n","protected":false},"excerpt":{"rendered":"<p>[Ce billet n&#8217;est pas sponsoris\u00e9 par Hadopi, mais il aurait pu.] Nous n&#8217;avons plus de TV depuis quelques ann\u00e9es. Il n&#8217;y a que deux choses qui me manquent : Thalassa, qui est diffus\u00e9e sur France 3 et, \u00e0 l&#8217;occasion, certains &hellip; <a href=\"https:\/\/www.davidbosman.fr\/blog\/2011\/12\/10\/telecharger-les-programmes-de-arte\/\">Read more &rarr;<\/a><\/p>","protected":false},"author":2,"featured_media":0,"comment_status":"open","ping_status":"open","sticky":false,"template":"","format":"standard","meta":{"footnotes":""},"categories":[9,10],"tags":[39,105],"class_list":["post-11863","post","type-post","status-publish","format-standard","hentry","category-mac","category-linux","tag-apple","tag-linux"],"_links":{"self":[{"href":"https:\/\/www.davidbosman.fr\/blog\/wp-json\/wp\/v2\/posts\/11863","targetHints":{"allow":["GET"]}}],"collection":[{"href":"https:\/\/www.davidbosman.fr\/blog\/wp-json\/wp\/v2\/posts"}],"about":[{"href":"https:\/\/www.davidbosman.fr\/blog\/wp-json\/wp\/v2\/types\/post"}],"author":[{"embeddable":true,"href":"https:\/\/www.davidbosman.fr\/blog\/wp-json\/wp\/v2\/users\/2"}],"replies":[{"embeddable":true,"href":"https:\/\/www.davidbosman.fr\/blog\/wp-json\/wp\/v2\/comments?post=11863"}],"version-history":[{"count":2,"href":"https:\/\/www.davidbosman.fr\/blog\/wp-json\/wp\/v2\/posts\/11863\/revisions"}],"predecessor-version":[{"id":11865,"href":"https:\/\/www.davidbosman.fr\/blog\/wp-json\/wp\/v2\/posts\/11863\/revisions\/11865"}],"wp:attachment":[{"href":"https:\/\/www.davidbosman.fr\/blog\/wp-json\/wp\/v2\/media?parent=11863"}],"wp:term":[{"taxonomy":"category","embeddable":true,"href":"https:\/\/www.davidbosman.fr\/blog\/wp-json\/wp\/v2\/categories?post=11863"},{"taxonomy":"post_tag","embeddable":true,"href":"https:\/\/www.davidbosman.fr\/blog\/wp-json\/wp\/v2\/tags?post=11863"}],"curies":[{"name":"wp","href":"https:\/\/api.w.org\/{rel}","templated":true}]}}