{"id":11581,"date":"2011-10-10T12:32:42","date_gmt":"2011-10-10T10:32:42","guid":{"rendered":"http:\/\/davidbosman.fr\/blog\/2011\/10\/10\/quand-la-technologie-sefface\/"},"modified":"2011-10-10T13:39:14","modified_gmt":"2011-10-10T11:39:14","slug":"quand-la-technologie-sefface","status":"publish","type":"post","link":"https:\/\/www.davidbosman.fr\/blog\/2011\/10\/10\/quand-la-technologie-sefface\/","title":{"rendered":"Quand la technologie s&#8217;efface"},"content":{"rendered":"<p>L&#8217;annonce de la mort de Steve Jobs, en plus des vagues d&#8217;hommages et d&#8217;une \u00e9motion parfois na\u00efve, nous a aussi donn\u00e9 l&#8217;occasion d&#8217;assister \u00e0 un d\u00e9fil\u00e9 d&#8217;authentiques gougnafiers qui semblaient sortir d&#8217;une caverne oubli\u00e9e depuis des lustres, quelque part au plus profonds des entrailles humides de la Terre, porte-parole autoproclam\u00e9s d&#8217;un monde o\u00f9 l&#8217;injure tient lieu d&#8217;expression et dont la haine de l&#8217;autre serait la seule religion.<\/p>\n\n<p>De vous \u00e0 moi, ce d\u00e9fil\u00e9 de singes excit\u00e9s m&#8217;importe peu. Mais, mine de rien, cela fut un rappel sonore de quelques une des plus belles id\u00e9es pr\u00e9con\u00e7ues qui circulent sur Apple \u2014 et ses <s>utilisateurs<\/s>&#8230; Pardon&#8230; <em>adeptes<\/em> :<\/p>\n\n<p>&#8220;<a href=\"http:\/\/davidbosman.fr\/blog\/2011\/08\/26\/apple-cest-le-mal\/\">Apple exploite des pauvres petits chinois<\/a>&#8220;.<br \/>\n&#8220;<a href=\"http:\/\/davidbosman.fr\/blog\/2010\/06\/04\/lipad-au-dela-de-la-chasse-aux-sorcieres\/\">Apple vend des jouets, pas de vraies machines<\/a>&#8220;.<br \/>\n&#8220;<a href=\"http:\/\/www.macbidouille.com\/news\/2011\/07\/28\/ultrabook-n-est-pas-apple-qui-veut\">Apple, c&#8217;est trop cher pour du matos pas assez bon<\/a>&#8220;.<\/p>\n\n<p>Sans oublier, authentiques joyaux de leur couronne d&#8217;\u00e9pines en mousse :<\/p>\n\n<p>&#8220;Apple, c&#8217;est que du marketing, pour des bobos friqu\u00e9s lobotomis\u00e9s&#8221;.<br \/>\n&#8220;Apple, c&#8217;est le mal : \u00e7a t&#8217;enl\u00e8ve tes libert\u00e9s.&#8221;<\/p>\n\n<p>Je ne vais pas commenter &#8220;bobos friqu\u00e9s lobotomis\u00e9s&#8221;. Apr\u00e8s tout, je suis peut-\u00eatre lobotomis\u00e9, et j&#8217;avoue que \u00e7a ne me d\u00e9plairait pas d&#8217;\u00eatre friqu\u00e9, et je suis peut-\u00eatre un bobo \u2014 mais alors je suis un bobo friqu\u00e9 lobotomis\u00e9 qui utilise aussi GNU\/Linux et qui <s>est<\/s><em>\u00e9tait<\/em> membre de la FSF, qui est membre de la EFF et de l&#8217;April.<\/p>\n\n<p>Par contre, le c\u00f4t\u00e9 &#8220;marketing&#8221; m\u00e9rite qu&#8217;on s&#8217;y attarde. C&#8217;est vrai que Apple fait de la pub. Prenons cette pub pour l&#8217;iPad :<\/p>\n\n<iframe loading=\"lazy\" width=\"560\" height=\"315\" src=\"http:\/\/www.youtube.com\/embed\/4RlqYrzZyq4\" frameborder=\"0\" allowfullscreen><\/iframe>\n\n<p>Le message est-il faux parce qu&#8217;il est bien emball\u00e9 ? Le messager doit-il forc\u00e9ment \u00eatre moche pour \u00eatre cr\u00e9dible ?<\/p>\n\n<h3>Byebye technologie<\/h3>\n\n<p>Que ne promet <em>pas<\/em> cette pub ? Un ordinateur. En achetant un iPad, nous n&#8217;achetons pas :<\/p>\n\n<ul>\n<li>Un complexe assemblage d&#8217;\u00e9lectronique, de Ghz, d&#8217;octets, de ram et de m\u00e9moire vid\u00e9o, de disques et de lecteurs. On ach\u00e8te une surface de verre, avec un gros bouton en fa\u00e7ade et une prise pour la recharger.<\/li>\n<li>Un ordinateur au nom aussi \u00e9vocateur que <a href=\"http:\/\/davidbosman.fr\/blog\/wp-content\/uploads\/2011\/10\/107.png\">VPCZ21X9E ou VPCZ21V9E ou encore VPCZ21L9E<\/a>. On ach\u00e8te une tablette.<\/li>\n<li>Un ordinateur qui serait \u00e9volutif : une fois command\u00e9, on ne peut plus rien y changer. On peu \u00e0 la rigueur lui ajouter une housse (disponible en plusieurs coloris, quand m\u00eame). Et c&#8217;est \u00e0 peine si le seule prise permet d&#8217;y brancher quelque chose.<\/li>\n<\/ul>\n\n<p>OK, les d\u00e9tracteurs de l&#8217;iPad et moi serons donc d&#8217;accord l\u00e0-dessus : l&#8217;iPad n&#8217;est pas un ordinateur. Mais nous ne savons toujours pas ce que c&#8217;est. Disons que c&#8217;est un <em>machin<\/em> avec lequel on peut faire des <em>trucs<\/em>.<\/p>\n\n<p>Or, un machin qui sert \u00e0 faire un truc, \u00e7a s&#8217;appelle un outil. Il y en a plein des outils, tout autour de nous.<\/p>\n\n<h3>Con comme un crayon<\/h3>\n\n<p>Un ordinateur aussi est un outil, c&#8217;est un outil complexe. Mais un outil n&#8217;a pas besoin d&#8217;\u00eatre complexe pour \u00eatre un bon outil : un marteau, c&#8217;est simple. Un crayon ou une feuille de papier aussi \u2014 et je ne pense pas que personne n&#8217;y verra que des &#8220;gadgets pour bobos friqu\u00e9s et lobotimis\u00e9s ?&#8221;<\/p>\n\n<p>Nous savons tous utiliser un crayon. Pourtant, qui sait <a href=\"http:\/\/davidbosman.fr\/blog\/2011\/08\/13\/tu-me-fabriques-un-crayon\/\">comment on les fabrique ?<\/a> Est-ce que ne pas le savoir, et ne pas pouvoir en fabriquer nous-m\u00eames, rend ce crayon inutile ou son utilisation inacceptable, est-ce que \u00e7a en fait un jouet ?<\/p>\n\n<p>La question, en r\u00e9alit\u00e9, n&#8217;est donc pas tant de savoir si un iPad est un ordinateur ou un jouet pour des enfants g\u00e2t\u00e9s. Mais de savoir si l&#8217;informatique peut-\u00eatre aussi simple qu&#8217;un crayon et une feuille de papier.<\/p>\n\n<h3>La promesse de Apple<\/h3>\n\n<p>Revenons \u00e0 notre pub. L&#8217;iPad est un outil avec lequel on peut \u00e9crire, dessiner, avec lequel on peut regarder des vid\u00e9os ou en tourner et les \u00e9diter, avec lequel on peut partager des fichiers, avec lequel on peut photographier et partager ses photos en ligne, avec lequel on peut surfer ou discuter sur les r\u00e9seaux sociaux,  avec lequel on peut faire des appels vid\u00e9os, \u00e9couter de la musique, jouer, \u00e9tudier, etc. Il y a tant d&#8217;activit\u00e9s qui ne me viennent m\u00eame pas \u00e0 l&#8217;esprit et dont ne parle pas cette pub.<\/p>\n\n<p>Tout cela sur une surface de verre, avec un seul gros bouton. Du bout du doigt. Pas d&#8217;apprentissage laborieux. Rien \u00e0 configurer. Pas de pilotes. Pas d&#8217;antivirus. M\u00eame pas besoin de lire un mode d&#8217;emploi de 300 pages. C&#8217;est la seule promesse que fait cette pub : gommer la complexit\u00e9.<\/p>\n\n<p>Non pas <em>l&#8217;interdire<\/em>, mais proposer une autre approche. Celle d&#8217;un outil qui ne soit plus un obstacle, ni une fin en soi. On ach\u00e8te un Mac ou iPad comme un ach\u00e8te un crayon, pas pour le bidouiller ou pour passer son temps \u00e0 le tailler, mais pour en faire quelque chose. \u00c7a \u00e0 toujours \u00e9t\u00e9 comme \u00e7a :<\/p>\n\n<p><img decoding=\"async\" src=\"http:\/\/davidbosman.fr\/blog\/wp-content\/uploads\/2011\/10\/macjpg.png\" alt=\"Mac.jpg\" \/><\/p>\n\n<p>Il est probable que cette simplicit\u00e9 d\u00e9range certains. Quand quelque chose de complexe devient simple, c&#8217;est la caste des &#8220;experts&#8221; de ce &#8220;quelque chose&#8221; qui se sent menac\u00e9e : elle a peur de devenir inutile, obsol\u00e8te&#8230; Exactement comme les maisons de disques ou les \u00e9diteurs se sentent menac\u00e9s par Internet et par le num\u00e9rique, qui facilitent tant la copie et la diffusion des contenus au moindre co\u00fbt : ils servent \u00e0 quoi, alors, ces \u00e9diteurs ? Panique \u00e0 bord ! \u2014 Vite tuons Internet, le MP3, la copie c&#8217;est le&#8230; mal.<\/p>\n\n<p>Le mal, c&#8217;est comme les sorci\u00e8res, <a href=\"http:\/\/davidbosman.fr\/blog\/2010\/06\/04\/lipad-au-dela-de-la-chasse-aux-sorcieres\/\">\u00e7a n&#8217;existe pas<\/a>.<\/p>\n\n<h3>Choix<\/h3>\n\n<p>Apple doit \u00eatre critiqu\u00e9e, sans r\u00e9pits. Comme toute autre activit\u00e9. Mais la critiquer ne veut pas dire qu&#8217;elle incarne le mal ou qu&#8217;elle veuille voler nos libert\u00e9s, comme le dit Stallman dans son dernier troll relatif au d\u00e9c\u00e8s de Steve Jobs.<\/p>\n\n<p>C&#8217;est peut-\u00eatre \u00e7a la diff\u00e9rence : l\u00e0 o\u00f9 certains voient dans Apple une grosse soci\u00e9t\u00e9 qui vole leur libert\u00e9 aux utilisateurs cr\u00e9dules, je vois des millions d&#8217;utilisateurs <em>choisir<\/em> un outil plut\u00f4t qu&#8217;un autre. <em>J&#8217;ai<\/em> choisi un outil qui ne me prive de rien \u2014 si cela devait arriver un jour, je serais le premier \u00e0 aller voir ailleurs.<\/p>\n\n<p>L\u00e0 o\u00f9 certains consid\u00e8rent que les utilisateurs sont des abrutis qu&#8217;il faut prot\u00e9ger d&#8217;eux-m\u00eames (incapables qu&#8217;ils sont de r\u00e9aliser les dangers qui les guettent en c\u00e9dant aux charmes de Apple ou d&#8217;une autre), j&#8217;ai tendance \u00e0 penser que \u2014 comme Stallman \u00e0 l&#8217;\u00e9poque a su prendre conscience de certains probl\u00e8mes li\u00e9s \u00e0 la libert\u00e9 d&#8217;utilisation des outils informatiques, et chercher des solutions (cr\u00e9er la GNU\/GPL et cr\u00e9er la FSF) \u2014 je pense que les nouvelles g\u00e9n\u00e9rations d&#8217;utilisateurs ne sont pas plus stupides que l&#8217;\u00e9tait notre ami Richard \u00e0 l&#8217;\u00e9poque, et qu&#8217;elles trouveront leurs propres solutions.<\/p>\n\n<p>Ces utilisateurs n&#8217;ont pas besoin d&#8217;un messie ou d&#8217;un gourou pour \u00e7a, fut-il \u00e0 lunettes et en col roul\u00e9, ou chevelu et en sandales.<\/p>\n\n<h3>Apple, \u00e7a commence demain<\/h3>\n\n<p><a href=\"http:\/\/minimalmac.com\/post\/11091210800\/earlier-this-evening-when-beatrix-arrived-home\">Regardez cette photo<\/a> (et lisez ce billet tr\u00e8s touchant) publi\u00e9e par Patrick Rhone. Comme je lui disais il y a quelques jours, elle r\u00e9sume Apple, sa force et son talent (et ma certitude que l&#8217;avenir d&#8217;Apple est brillant). C&#8217;est une photo de sa fille, qui est encore un b\u00e9b\u00e9, occup\u00e9e \u00e0 jouer sur un iPad comme vous et moi jouions, \u00e0 son \u00e2ge, avec des crayons de couleur et du papier. C&#8217;est son crayon et son papier, \u00e0 elle.<\/p>\n\n<p>Et si c&#8217;est le fait que l&#8217;iPad soit une marque d\u00e9pos\u00e9e de Apple qui vous met en rage, ressortez donc <em>vos<\/em> vieux crayons de couleur de leur bo\u00eete : s&#8217;ils ne sont pas trop us\u00e9s ou m\u00e2chouill\u00e9s par des ann\u00e9es d&#8217;usage, regardez s&#8217;il n&#8217;y a pas une marque grav\u00e9e dessus.<\/p>\n","protected":false},"excerpt":{"rendered":"<p>L&#8217;annonce de la mort de Steve Jobs, en plus des vagues d&#8217;hommages et d&#8217;une \u00e9motion parfois na\u00efve, nous a aussi donn\u00e9 l&#8217;occasion d&#8217;assister \u00e0 un d\u00e9fil\u00e9 d&#8217;authentiques gougnafiers qui semblaient sortir d&#8217;une caverne oubli\u00e9e depuis des lustres, quelque part au &hellip; <a href=\"https:\/\/www.davidbosman.fr\/blog\/2011\/10\/10\/quand-la-technologie-sefface\/\">Read more &rarr;<\/a><\/p>","protected":false},"author":2,"featured_media":0,"comment_status":"open","ping_status":"open","sticky":false,"template":"","format":"standard","meta":{"footnotes":""},"categories":[9],"tags":[39,4],"class_list":["post-11581","post","type-post","status-publish","format-standard","hentry","category-mac","tag-apple","tag-societe"],"_links":{"self":[{"href":"https:\/\/www.davidbosman.fr\/blog\/wp-json\/wp\/v2\/posts\/11581","targetHints":{"allow":["GET"]}}],"collection":[{"href":"https:\/\/www.davidbosman.fr\/blog\/wp-json\/wp\/v2\/posts"}],"about":[{"href":"https:\/\/www.davidbosman.fr\/blog\/wp-json\/wp\/v2\/types\/post"}],"author":[{"embeddable":true,"href":"https:\/\/www.davidbosman.fr\/blog\/wp-json\/wp\/v2\/users\/2"}],"replies":[{"embeddable":true,"href":"https:\/\/www.davidbosman.fr\/blog\/wp-json\/wp\/v2\/comments?post=11581"}],"version-history":[{"count":3,"href":"https:\/\/www.davidbosman.fr\/blog\/wp-json\/wp\/v2\/posts\/11581\/revisions"}],"predecessor-version":[{"id":11584,"href":"https:\/\/www.davidbosman.fr\/blog\/wp-json\/wp\/v2\/posts\/11581\/revisions\/11584"}],"wp:attachment":[{"href":"https:\/\/www.davidbosman.fr\/blog\/wp-json\/wp\/v2\/media?parent=11581"}],"wp:term":[{"taxonomy":"category","embeddable":true,"href":"https:\/\/www.davidbosman.fr\/blog\/wp-json\/wp\/v2\/categories?post=11581"},{"taxonomy":"post_tag","embeddable":true,"href":"https:\/\/www.davidbosman.fr\/blog\/wp-json\/wp\/v2\/tags?post=11581"}],"curies":[{"name":"wp","href":"https:\/\/api.w.org\/{rel}","templated":true}]}}