{"id":11575,"date":"2011-10-05T14:11:55","date_gmt":"2011-10-05T12:11:55","guid":{"rendered":"http:\/\/davidbosman.fr\/blog\/2011\/10\/05\/apple-decoit-en-presentant-l%e2%80%99iphone-4s-et-non-un-iphone-5\/"},"modified":"2011-10-05T14:11:55","modified_gmt":"2011-10-05T12:11:55","slug":"apple-decoit-en-presentant-l%e2%80%99iphone-4s-et-non-un-iphone-5","status":"publish","type":"post","link":"https:\/\/www.davidbosman.fr\/blog\/2011\/10\/05\/apple-decoit-en-presentant-l%e2%80%99iphone-4s-et-non-un-iphone-5\/","title":{"rendered":"Apple d\u00e9\u00e7oit en pr\u00e9sentant l\u2019iPhone 4S, et non un iPhone 5"},"content":{"rendered":"<blockquote>\n  <p>L\u2019innovation, cela ne se fait pas \u00e0 coup de paillettes.<br><br><a href=\"http:\/\/www.urbanbike.com\/index.php\/site\/comments\/ou-lon-cause-aussi-du-iphone-4s\">Ou l\u2019on cause aussi du iPhone 4S\u2026<\/a>.<\/p>\n<\/blockquote>\n\n<p>Le billet de Jean-Christophe r\u00e9sume (ou plut\u00f4t, il le d\u00e9veloppe ;)) parfaitement ce que je pense de la nouvelle gamme de mobiles de Apple.<\/p>\n\n<div align=\"center\"><img decoding=\"async\" src=\"http:\/\/davidbosman.fr\/images\/zen.png\" alt=\"\" zen=\"\" style=\"border: 0px none ;\"><\/div>\n\n<p>[Mode agac\u00e9 on]<br \/>\nTous ces r\u00e2leurs (et r\u00e2leuses) qui ne voient dans l&#8217;iPhone 4S qu&#8217;une (d\u00e9cevante) mise \u00e0 jour ratent l&#8217;essentiel \u2014 et pas seulement en ce qui concerne cet iPhone. Ils r\u00e9v\u00e8lent aussi leur incompr\u00e9hension de ce qu&#8217;est Apple ou, plus exactement, du rapport qu&#8217;elle entretient avec la technologie.<\/p>\n\n<p>On n&#8217;est pas chez PC. Il n&#8217;y a pas de course au Ghz, ni de surench\u00e8re au tape-\u00e0-l&#8217;oeil, ni de stickers sur la coque et crapwares install\u00e9s &#8220;gratuitement&#8221; en mode d\u00e9mo. C&#8217;est Apple. C&#8217;est un travail de longue haleine, vers un produit toujours plus abouti \u2014 plus abouti, pas parfait.<\/p>\n\n<p>Enfin, le plus marrant, c&#8217;est que si Apple avait sorti un iPhone 5, ils lui auraient reproch\u00e9 d&#8217;avoir d\u00e9j\u00e0 &#8220;jet\u00e9&#8221; l&#8217;iPhone 4. Bande de con(ne)s \u2014 seigneur, serais-je \u00e9nerv\u00e9 ?<\/p>\n\n<p>[Mode agac\u00e9 off]<\/p>\n","protected":false},"excerpt":{"rendered":"<p>L\u2019innovation, cela ne se fait pas \u00e0 coup de paillettes.Ou l\u2019on cause aussi du iPhone 4S\u2026. Le billet de Jean-Christophe r\u00e9sume (ou plut\u00f4t, il le d\u00e9veloppe ;)) parfaitement ce que je pense de la nouvelle gamme de mobiles de Apple. &hellip; <a href=\"https:\/\/www.davidbosman.fr\/blog\/2011\/10\/05\/apple-decoit-en-presentant-l%e2%80%99iphone-4s-et-non-un-iphone-5\/\">Read more &rarr;<\/a><\/p>","protected":false},"author":2,"featured_media":0,"comment_status":"open","ping_status":"open","sticky":false,"template":"","format":"standard","meta":{"footnotes":""},"categories":[11],"tags":[39],"class_list":["post-11575","post","type-post","status-publish","format-standard","hentry","category-chose-a-dit","tag-apple"],"_links":{"self":[{"href":"https:\/\/www.davidbosman.fr\/blog\/wp-json\/wp\/v2\/posts\/11575","targetHints":{"allow":["GET"]}}],"collection":[{"href":"https:\/\/www.davidbosman.fr\/blog\/wp-json\/wp\/v2\/posts"}],"about":[{"href":"https:\/\/www.davidbosman.fr\/blog\/wp-json\/wp\/v2\/types\/post"}],"author":[{"embeddable":true,"href":"https:\/\/www.davidbosman.fr\/blog\/wp-json\/wp\/v2\/users\/2"}],"replies":[{"embeddable":true,"href":"https:\/\/www.davidbosman.fr\/blog\/wp-json\/wp\/v2\/comments?post=11575"}],"version-history":[{"count":0,"href":"https:\/\/www.davidbosman.fr\/blog\/wp-json\/wp\/v2\/posts\/11575\/revisions"}],"wp:attachment":[{"href":"https:\/\/www.davidbosman.fr\/blog\/wp-json\/wp\/v2\/media?parent=11575"}],"wp:term":[{"taxonomy":"category","embeddable":true,"href":"https:\/\/www.davidbosman.fr\/blog\/wp-json\/wp\/v2\/categories?post=11575"},{"taxonomy":"post_tag","embeddable":true,"href":"https:\/\/www.davidbosman.fr\/blog\/wp-json\/wp\/v2\/tags?post=11575"}],"curies":[{"name":"wp","href":"https:\/\/api.w.org\/{rel}","templated":true}]}}